{"id":4598,"date":"2025-01-26T18:07:04","date_gmt":"2025-01-26T18:07:04","guid":{"rendered":"https:\/\/evindepaketle.com\/wp\/?p=4598"},"modified":"2025-01-26T18:07:07","modified_gmt":"2025-01-26T18:07:07","slug":"o-b-q-bleona-qereti-bene-per-uje-te-ftohte-arjan-canin-i-pergjigjet-dhemb-per-dhemb-o-mashtrues-ordiner-mos-e-ze-emrin-tim-me-me-goje-se-video","status":"publish","type":"post","link":"https:\/\/evindepaketle.com\/wp\/o-b-q-bleona-qereti-bene-per-uje-te-ftohte-arjan-canin-i-pergjigjet-dhemb-per-dhemb-o-mashtrues-ordiner-mos-e-ze-emrin-tim-me-me-goje-se-video\/","title":{"rendered":"&#8216;O b*** q****&#8230;&#8217; Bleona Qereti b\u00ebn\u00eb p\u00ebr &#8216;uj\u00eb t\u00eb ftoht\u00eb&#8217; Arjan Canin, i p\u00ebrgjigjet dh\u00ebmb p\u00ebr dh\u00ebmb &#8216;O mashtrues ordiner, mos e z\u00eb emrin tim m\u00eb me goj\u00eb se&#8230;.&#8217; (VIDEO)"},"content":{"rendered":"<div id=\"evind-1726602445\" class=\"evind-bf-imag-1 evind-entity-placement\"><div id=\"div-gpt-ad-1767907234185-0\" style=\"min-width:300px;min-height:250px;\"><\/div><\/div><p>Epo u desh\u00ebn vet\u00ebm pak dit\u00eb q\u00eb Bleona Qereti me z\u00eb e figur\u00eb t\u2019i p\u00ebrgjigjej Arjan \u00c7anit pas deklaratave q\u00eb ky i fundit b\u00ebri dit\u00eb m\u00eb par\u00eb p\u00ebr k\u00ebng\u00ebtaren shqiptare, ku p\u00ebrve\u00e7se tha se nuk e duronte dot, preku dhe faktin q\u00eb ajo kishte marr\u00eb pjes\u00eb n\u00eb fest\u00ebn e inagurimit t\u00eb Donald Trump.<\/p>\n<p>&nbsp;<\/p>\n<p><img fetchpriority=\"high\" decoding=\"async\" class=\"wp-image-3228 alignnone size-full\" src=\"https:\/\/evindepaketle.com\/wp\/wp-content\/uploads\/2025\/01\/image-32-130.jpg\" alt=\"\" width=\"750\" height=\"563\" \/><\/p>\n<p>E pasditen e sotme Bleona ka vendosur t\u00eb b\u00ebj\u00eb p\u00ebr \u201cuj\u00eb t\u00eb ftoht\u00eb\u201d \u00c7anin. Ajo ka publikuar mesazhet q\u00eb i ka d\u00ebrguar atij, si dhe nuk na nguruar t\u2019i p\u00ebrgjigjet dhe p\u00ebrmes nj\u00eb video t\u00eb cil\u00ebn e ka publikuar n\u00eb \u201cInstagram\u201d.<\/p><div id=\"evind-2281894361\" class=\"evind-aft-img-1 evind-entity-placement\"><div id=\"div-gpt-ad-1767907274482-0\" style=\"min-width:300px;min-height:250px;\"><\/div><\/div>\n<p>&nbsp;<\/p>\n<p><img decoding=\"async\" class=\"wp-image-3226 alignnone size-full\" src=\"https:\/\/evindepaketle.com\/wp\/wp-content\/uploads\/2025\/01\/image-32-128.jpg\" alt=\"\" width=\"421\" height=\"750\" \/><\/p>\n<p><img decoding=\"async\" class=\"wp-image-3227 alignnone size-full\" src=\"https:\/\/evindepaketle.com\/wp\/wp-content\/uploads\/2025\/01\/image-32-129.jpg\" alt=\"\" width=\"434\" height=\"750\" \/><\/p>\n<p>\u201cO vemje pabukse\u201d, k\u00ebshtu i drejtohet ajo gazetarit, p\u00ebr t\u00eb cilin thot\u00eb se nuk e merr askush m\u00eb n\u00eb televizion dhe po k\u00ebrkon m\u00eb d\u00ebshp\u00ebrim v\u00ebmendje.<\/p>\n<p>Sa i p\u00ebrket lidhjeve me Trump, k\u00ebng\u00ebtarja b\u00ebri me dije se ka kontribuar p\u00ebr Presidentin q\u00eb n\u00eb zgjedhjet e 2016 dhe deri n\u00eb zgjedhjet e n\u00ebntorit, duke regjistruar njer\u00ebz si dhe duke mbledhur para p\u00ebr fushat\u00ebn e tij.<\/p>\n<p>Reagimi i plot\u00eb i Bleona Qeretit:<\/p>\n<p>O Arjan \u00c7ani, p\u00ebrve\u00e7 faktit q\u00eb t\u2019i je nj\u00eb qenie mashtruese, ordinere q\u00eb g\u00ebnjen n\u00ebp\u00ebr televizione dhe n\u00ebp\u00ebr emisionet e tua si\u00e7 edhe vet\u00eb e ke pohuar. Je nj\u00eb vemje pabukse, q\u00eb s\u2019t\u00eb merr m\u00eb asnj\u00eb televizion n\u00eb pun\u00eb se ty t\u00eb ka dal\u00eb boja dhe jam shum\u00eb e vet\u00ebdijshme q\u00eb me k\u00ebt\u00eb video po t\u00eb b\u00ebj shum\u00eb nder se do kap\u00ebsh gazetat prap. Por, n\u00eb t\u00eb nj\u00ebjt\u00ebn koh\u00eb kam arritur n\u00eb konkluzionin q\u00eb qenieve mashtruese ordinere si puna jote duhet t\u00eb ul\u00ebsh n\u00eb nivelin e tyre q\u00eb t\u00eb flas\u00ebsh me gjuh\u00ebn q\u00eb ata kuptojn\u00eb, se n\u00ebse un\u00eb ty t\u00eb flas kinez\u00e7e, ti nuk arrit ta kuptosh.<\/p>\n<p>N\u00ebse un\u00eb them avion, ti do dal\u00ebsh n\u00eb ndonj\u00eb emision dhe do thuash bi\u00e7ikleta ime nuk ka krah. K\u00ebshtu q\u00eb po ta sqaroj nj\u00ebher\u00eb e mir\u00eb, jo vet\u00ebm ty, por edhe ca vemjeve tjera q\u00eb pash tani n\u00eb Uashington q\u00eb rrinin prapa dyerve si e si t\u00eb kapin nj\u00eb foto dhe me ardh\u00eb me e shit n\u00eb Shqip\u00ebri me kap naj lek\u00eb&#8230; K\u00c7K si\u00e7 thot Edi Rama.<\/p>\n<p>Po ua shpjegoj dhe nj\u00ebher\u00eb meq\u00eb keni b\u00ebr\u00eb k\u00ebt\u00eb pyetjen se kush \u00ebsht\u00eb vlera ime. Duhet t\u00eb kuptosh nj\u00eb gj\u00eb, q\u00eb un\u00eb kam b\u00ebr\u00eb kampanj\u00eb aktive p\u00ebr Presidentin Trump n\u00eb 2016, 2020 dhe tani n\u00eb 2024, kam regjistruar m\u00eb shum\u00eb se 8 mij\u00eb veta n\u00eb Pensilvani, kam regjistruar m\u00eb shum\u00eb se 4 mij\u00eb veta n\u00ebp\u00ebr listat e votimeve n\u00eb Michigan, kam ngritur m\u00eb shum\u00eb se 300 mij\u00eb dollar\u00eb donacion p\u00ebr zgjedhjet, u b\u00ebra edhe koncertin n\u00eb Michigan si\u00e7 ke par\u00eb edhe n\u00eb Instagram dhe historia fallco dhe perceptimet fallco q\u00eb krijoni ju nuk jan\u00eb realiteti im.<\/p>\n<p>M\u00eb vjen shum\u00eb keq p\u00ebr prind\u00ebrit e tu q\u00eb do ndihen keq kur ta d\u00ebgjojn\u00eb k\u00ebt\u00eb video. Do doja t\u2019ju thoja q\u00eb nuk \u00ebsht\u00eb faji i tyre q\u00eb t\u00eb kan\u00eb edukuar keq, se ne jemi k\u00ebta q\u00eb jemi e nuk duhet t\u00eb faj\u00ebsojm\u00eb prind\u00ebrit p\u00ebr m\u00ebnyr\u00ebn se si zgjedhim t\u00eb jemi n\u00eb jet\u00ebn ton\u00eb.<\/p>\n<p>Nj\u00ebrin gjithmon\u00eb e djeg furra, kshu q\u00eb ata nuk duhet t\u00eb ndihen keq q\u00eb ti je kthyer dhe je b\u00ebr\u00eb nj\u00eb vemje pabukse, nj\u00eb njeri negativ q\u00eb nxjerr vet\u00ebm vrer\u00eb dhe g\u00ebnjen non-stop n\u00ebp\u00ebr emisione dhe me paturp\u00ebsin\u00eb m\u00eb t\u00eb madhe e pohon edhe vet\u00eb.<\/p>\n<p>Dhe p\u00ebrve\u00e7 gjith\u00eb k\u00ebtyre t\u00eb k\u00ebqijave q\u00eb jan\u00eb boll p\u00ebr nj\u00eb njeri q\u00eb t\u00eb mbytet ke dhe nj\u00eb adoleshenc\u00eb t\u00eb vonuar dhe je nj\u00eb qenie e frostruar seksualisht dhe nuk kupton. Vazhdon dhe e mat bot\u00ebn me metrin t\u00ebnd akoma, nuk kupton q\u00eb bota i ka mbaru urit\u00eb seksuale q\u00eb kur kan\u00eb qen\u00eb 15-16 vje\u00e7 nd\u00ebrkoh\u00eb q\u00eb vet\u00ebm ty t\u00eb ka ngec ora ngaq\u00eb nuk i ke pasur k\u00ebto gj\u00ebra kur ke qen\u00eb n\u00eb k\u00ebt\u00eb mosh\u00eb dhe t\u00eb kan\u00eb ngelur dhe tani q\u00eb je 60 vje\u00e7. Ky \u00ebsht\u00eb ndryshimi midis meje dhe teje. Ik tani dhe mbytu n\u00eb at\u00eb jet\u00ebn t\u00ebnde t\u00eb mjer\u00eb.<\/p>\n<p>&nbsp;<\/p>\n<p>&nbsp;<\/p>\n<p><iframe class=\"wp-embedded-content\" sandbox=\"allow-scripts\" security=\"restricted\" title=\"679674c6374e3\" src=\"https:\/\/streamable.com\/o\/ycw7bb#?secret=5xguXT7lG0\" data-secret=\"5xguXT7lG0\" frameborder=\"0\" scrolling=\"no\" width=\"202\" height=\"360\"><\/iframe><\/p>\n<p>&nbsp;<\/p>\n<p><iframe class=\"wp-embedded-content\" sandbox=\"allow-scripts\" security=\"restricted\" title=\"679674caa08b2\" src=\"https:\/\/streamable.com\/o\/xuztn8#?secret=ZCeDNgg1NP\" data-secret=\"ZCeDNgg1NP\" frameborder=\"0\" scrolling=\"no\" width=\"202\" height=\"360\"><\/iframe><\/p>\n<div id=\"evind-3593104122\" class=\"evind-aft-content evind-entity-placement\"><script async src=\"https:\/\/pagead2.googlesyndication.com\/pagead\/js\/adsbygoogle.js\"\r\n     crossorigin=\"anonymous\"><\/script>\r\n<ins class=\"adsbygoogle\"\r\n     style=\"display:block; text-align:center;\"\r\n     data-ad-layout=\"in-article\"\r\n     data-ad-format=\"fluid\"\r\n     data-ad-client=\"ca-pub-9502650571429605\"\r\n     data-page-url=\"https:\/\/evindepaketle.com\"\r\n     data-ad-slot=\"5205678616\"><\/ins>\r\n<script>\r\n     (adsbygoogle = window.adsbygoogle || []).push({});\r\n<\/script><\/div>","protected":false},"excerpt":{"rendered":"<p>Epo u desh\u00ebn vet\u00ebm pak dit\u00eb q\u00eb Bleona Qereti me z\u00eb e figur\u00eb t\u2019i p\u00ebrgjigjej Arjan \u00c7anit pas deklaratave q\u00eb ky i fundit b\u00ebri dit\u00eb m\u00eb par\u00eb p\u00ebr k\u00ebng\u00ebtaren shqiptare, ku p\u00ebrve\u00e7se tha se nuk e duronte dot, preku dhe faktin q\u00eb ajo kishte marr\u00eb pjes\u00eb n\u00eb fest\u00ebn e inagurimit t\u00eb Donald Trump. &nbsp; E [&hellip;]<\/p>\n","protected":false},"author":1,"featured_media":4595,"comment_status":"open","ping_status":"closed","sticky":false,"template":"","format":"standard","meta":{"jnews-multi-image_gallery":[],"jnews_single_post":[],"jnews_primary_category":[],"jnews_social_meta":[],"jnews_review":[],"enable_review":"","type":"","name":"","summary":"","brand":"","sku":"","good":[],"bad":[],"score_override":"","override_value":"","rating":[],"price":[],"jnews_override_counter":[],"jnews_post_split":[],"footnotes":""},"categories":[43],"tags":[537,538],"class_list":["post-4598","post","type-post","status-publish","format-standard","has-post-thumbnail","hentry","category-te-fundit","tag-arjan-cani","tag-bleon-qereti"],"_links":{"self":[{"href":"https:\/\/evindepaketle.com\/wp\/wp-json\/wp\/v2\/posts\/4598","targetHints":{"allow":["GET"]}}],"collection":[{"href":"https:\/\/evindepaketle.com\/wp\/wp-json\/wp\/v2\/posts"}],"about":[{"href":"https:\/\/evindepaketle.com\/wp\/wp-json\/wp\/v2\/types\/post"}],"author":[{"embeddable":true,"href":"https:\/\/evindepaketle.com\/wp\/wp-json\/wp\/v2\/users\/1"}],"replies":[{"embeddable":true,"href":"https:\/\/evindepaketle.com\/wp\/wp-json\/wp\/v2\/comments?post=4598"}],"version-history":[{"count":1,"href":"https:\/\/evindepaketle.com\/wp\/wp-json\/wp\/v2\/posts\/4598\/revisions"}],"predecessor-version":[{"id":4599,"href":"https:\/\/evindepaketle.com\/wp\/wp-json\/wp\/v2\/posts\/4598\/revisions\/4599"}],"wp:featuredmedia":[{"embeddable":true,"href":"https:\/\/evindepaketle.com\/wp\/wp-json\/wp\/v2\/media\/4595"}],"wp:attachment":[{"href":"https:\/\/evindepaketle.com\/wp\/wp-json\/wp\/v2\/media?parent=4598"}],"wp:term":[{"taxonomy":"category","embeddable":true,"href":"https:\/\/evindepaketle.com\/wp\/wp-json\/wp\/v2\/categories?post=4598"},{"taxonomy":"post_tag","embeddable":true,"href":"https:\/\/evindepaketle.com\/wp\/wp-json\/wp\/v2\/tags?post=4598"}],"curies":[{"name":"wp","href":"https:\/\/api.w.org\/{rel}","templated":true}]}}