{"id":42421,"date":"2026-05-01T19:22:44","date_gmt":"2026-05-01T19:22:44","guid":{"rendered":"https:\/\/evindepaketle.com\/wp\/?p=42421"},"modified":"2026-05-01T19:22:45","modified_gmt":"2026-05-01T19:22:45","slug":"tragjike-u-perplas-nga-nje-automjet-nderron-jete-ne-spital-kembesori","status":"publish","type":"post","link":"https:\/\/evindepaketle.com\/wp\/tragjike-u-perplas-nga-nje-automjet-nderron-jete-ne-spital-kembesori\/","title":{"rendered":"TRAGJIKE\/ U p\u00ebrplas nga nj\u00eb automjet, nd\u00ebrron jet\u00eb n\u00eb spital kembesori"},"content":{"rendered":"<div id=\"evind-232940154\" class=\"evind-bf-imag-1 evind-entity-placement\"><div id=\"div-gpt-ad-1767907234185-0\" style=\"min-width:300px;min-height:250px;\"><\/div><\/div><p>Nd\u00ebrron jet\u00eb k\u00ebmb\u00ebsori 80-vje\u00e7ar q\u00eb u p\u00ebrplas nga mjeti tip \u201cBenz\u201d, n\u00eb fshatin Ud\u00ebnisht t\u00eb Pogradecit.<\/p>\n<p>M\u00ebsohet se i ndjeri u d\u00ebrgua menj\u00ebher\u00eb n\u00eb Tiran\u00eb pas aksidentit, p\u00ebr shkak t\u00eb gjendjes s\u00eb r\u00ebnd\u00eb sh\u00ebndet\u00ebsore.<\/p><div id=\"evind-3107339277\" class=\"evind-aft-img-1 evind-entity-placement\"><div id=\"div-gpt-ad-1767907274482-0\" style=\"min-width:300px;min-height:250px;\"><\/div><\/div>\n<p>Por pavar\u00ebsisht nd\u00ebrhyrjes s\u00eb mjek\u00ebve, nuk i mbijetoi dot plag\u00ebve t\u00eb r\u00ebnda dhe traum\u00ebs, edhe p\u00ebr shkak t\u00eb mosh\u00ebs s\u00eb thyer, teksa ka nd\u00ebrruar jet\u00eb n\u00eb ambientet e spitalit t\u00eb kryeqytetit sot (1 Maj).<\/p>\n<p>\u201cRreth or\u00ebs 14.15, n\u00eb aksin rrugor Pogradec-Qaf\u00eb Than\u00eb, pran\u00eb fshatit Ud\u00ebnisht, automjeti me drejtuese shtetasen E. K., dyshohet se ka p\u00ebrplasur k\u00ebmb\u00ebsorin I. D., rreth 80 vje\u00e7, banues n\u00eb Ud\u00ebnisht, i cili u d\u00ebrgua p\u00ebr mjekim n\u00eb spital, ku ndodhet n\u00eb kujdesin e mjek\u00ebve. Me drejtuesen e automjetit po kryhen veprimet e m\u00ebtejshme procedurale. Grupi hetimor po punon p\u00ebr p\u00ebrcaktimin e shkakut t\u00eb aksidentit\u201d, njoftoi policia pak minuta pas ngjarjes.<\/p>\n<p>Policia Rrugore vendore vijon hetimet p\u00ebr zbardhjen e shkakut dhe dinamik\u00ebs, teksa ka nisur procedim edhe p\u00ebr drejtuesin e mjetit.<\/p>\n<p>Ngjarja e r\u00ebnd\u00eb ndodhi or\u00ebt e para t\u00eb pasdites s\u00eb sotme. N\u00eb timonin e vetur\u00ebs m\u00ebsohet se ka qen\u00eb nj\u00eb grua, q\u00eb po hetohet nga uniformat blu.<\/p>\n<p>N\u00eb vendngjarje, nga pamjet e siguruara, dallon edhe nj\u00eb kasket\u00eb (kapele) e t\u00eb moshuarit q\u00eb mbeti viktim\u00eb.<\/p>\n<div id=\"evind-2265045050\" class=\"evind-aft-content evind-entity-placement\"><script async src=\"https:\/\/pagead2.googlesyndication.com\/pagead\/js\/adsbygoogle.js\"\r\n     crossorigin=\"anonymous\"><\/script>\r\n<ins class=\"adsbygoogle\"\r\n     style=\"display:block; text-align:center;\"\r\n     data-ad-layout=\"in-article\"\r\n     data-ad-format=\"fluid\"\r\n     data-ad-client=\"ca-pub-9502650571429605\"\r\n     data-page-url=\"https:\/\/evindepaketle.com\"\r\n     data-ad-slot=\"5205678616\"><\/ins>\r\n<script>\r\n     (adsbygoogle = window.adsbygoogle || []).push({});\r\n<\/script><\/div>","protected":false},"excerpt":{"rendered":"<p>Nd\u00ebrron jet\u00eb k\u00ebmb\u00ebsori 80-vje\u00e7ar q\u00eb u p\u00ebrplas nga mjeti tip \u201cBenz\u201d, n\u00eb fshatin Ud\u00ebnisht t\u00eb Pogradecit. M\u00ebsohet se i ndjeri u d\u00ebrgua menj\u00ebher\u00eb n\u00eb Tiran\u00eb pas aksidentit, p\u00ebr shkak t\u00eb gjendjes s\u00eb r\u00ebnd\u00eb sh\u00ebndet\u00ebsore. Por pavar\u00ebsisht nd\u00ebrhyrjes s\u00eb mjek\u00ebve, nuk i mbijetoi dot plag\u00ebve t\u00eb r\u00ebnda dhe traum\u00ebs, edhe p\u00ebr shkak t\u00eb mosh\u00ebs s\u00eb thyer, [&hellip;]<\/p>\n","protected":false},"author":1,"featured_media":42423,"comment_status":"open","ping_status":"closed","sticky":false,"template":"","format":"standard","meta":{"jnews-multi-image_gallery":[],"jnews_single_post":[],"jnews_primary_category":[],"jnews_social_meta":[],"jnews_review":[],"enable_review":"","type":"","name":"","summary":"","brand":"","sku":"","good":[],"bad":[],"score_override":"","override_value":"","rating":[],"price":[],"jnews_override_counter":[],"jnews_post_split":[],"footnotes":""},"categories":[45],"tags":[],"class_list":["post-42421","post","type-post","status-publish","format-standard","has-post-thumbnail","hentry","category-showbizi"],"_links":{"self":[{"href":"https:\/\/evindepaketle.com\/wp\/wp-json\/wp\/v2\/posts\/42421","targetHints":{"allow":["GET"]}}],"collection":[{"href":"https:\/\/evindepaketle.com\/wp\/wp-json\/wp\/v2\/posts"}],"about":[{"href":"https:\/\/evindepaketle.com\/wp\/wp-json\/wp\/v2\/types\/post"}],"author":[{"embeddable":true,"href":"https:\/\/evindepaketle.com\/wp\/wp-json\/wp\/v2\/users\/1"}],"replies":[{"embeddable":true,"href":"https:\/\/evindepaketle.com\/wp\/wp-json\/wp\/v2\/comments?post=42421"}],"version-history":[{"count":1,"href":"https:\/\/evindepaketle.com\/wp\/wp-json\/wp\/v2\/posts\/42421\/revisions"}],"predecessor-version":[{"id":42422,"href":"https:\/\/evindepaketle.com\/wp\/wp-json\/wp\/v2\/posts\/42421\/revisions\/42422"}],"wp:featuredmedia":[{"embeddable":true,"href":"https:\/\/evindepaketle.com\/wp\/wp-json\/wp\/v2\/media\/42423"}],"wp:attachment":[{"href":"https:\/\/evindepaketle.com\/wp\/wp-json\/wp\/v2\/media?parent=42421"}],"wp:term":[{"taxonomy":"category","embeddable":true,"href":"https:\/\/evindepaketle.com\/wp\/wp-json\/wp\/v2\/categories?post=42421"},{"taxonomy":"post_tag","embeddable":true,"href":"https:\/\/evindepaketle.com\/wp\/wp-json\/wp\/v2\/tags?post=42421"}],"curies":[{"name":"wp","href":"https:\/\/api.w.org\/{rel}","templated":true}]}}