{"id":42298,"date":"2026-04-27T08:04:56","date_gmt":"2026-04-27T08:04:56","guid":{"rendered":"https:\/\/evindepaketle.com\/wp\/?p=42298"},"modified":"2026-04-27T08:04:57","modified_gmt":"2026-04-27T08:04:57","slug":"kjo-eshte-shifra-e-cmendur-qe-beri-ilir-shaqirin-ta-pranoje-ftesen-per-ferma-vip","status":"publish","type":"post","link":"https:\/\/evindepaketle.com\/wp\/kjo-eshte-shifra-e-cmendur-qe-beri-ilir-shaqirin-ta-pranoje-ftesen-per-ferma-vip\/","title":{"rendered":"Kjo \u00ebsht\u00eb shifra e \u2018\u00e7mendur\u2019 q\u00eb b\u00ebri Ilir Shaqirin ta pranoj\u00eb ftes\u00ebn p\u00ebr Ferma VIP"},"content":{"rendered":"<div id=\"evind-4011468683\" class=\"evind-bf-imag-1 evind-entity-placement\"><div id=\"div-gpt-ad-1767907234185-0\" style=\"min-width:300px;min-height:250px;\"><\/div><\/div><p>Hyrja e papritur e Ilir Shaqirit n\u00eb Ferma VIP ka ndezur diskutime t\u00eb forta kudo, duke e transformuar balerinin e njohur n\u00eb nj\u00eb personazh totalisht antagonist p\u00ebr k\u00ebt\u00eb sezon.<\/p>\n<p>P\u00ebr shum\u00ebk\u00ebnd n\u00eb publik, fakti q\u00eb fituesi i edicionit t\u00eb par\u00eb t\u00eb \u201cBig Brother VIP Albania\u201d pranoi t\u00eb b\u00ebhej pjes\u00eb e k\u00ebtij formati po shihet si nj\u00eb l\u00ebvizje krejt\u00ebsisht e gabuar.<\/p><div id=\"evind-4161749694\" class=\"evind-aft-img-1 evind-entity-placement\"><div id=\"div-gpt-ad-1767907274482-0\" style=\"min-width:300px;min-height:250px;\"><\/div><\/div>\n<p>Debatet e ashpra dhe t\u00eb vazhdueshme me Moz\u00ebn, qasja e tij shpeshher\u00eb negative ndaj dinamikave t\u00eb sht\u00ebpis\u00eb, dhe ve\u00e7an\u00ebrisht l\u00ebvizjet q\u00eb \u00e7uan n\u00eb zbritjen e \u00e7mimit t\u00eb madh, e kan\u00eb b\u00ebr\u00eb at\u00eb nj\u00eb profil goxha antipatik brenda loj\u00ebs.<\/p>\n<p>Megjithat\u00eb, kurdo q\u00eb ai t\u00eb dal\u00eb nga dera e asaj ferme, Iliri nuk do t\u00eb dal\u00eb aspak i humbur financiarisht.<\/p>\n<p>Burime t\u00eb sigurta p\u00ebr Prive By LS konfirmojn\u00eb se ai \u00ebsht\u00eb paguar t\u00eb pakt\u00ebn rreth 40 mij\u00eb euro p\u00ebr t\u2019u b\u00ebr\u00eb pjes\u00eb e kastit. Kjo \u00ebsht\u00eb nj\u00eb shum\u00eb e majme q\u00eb duket se e justifikon plot\u00ebsisht k\u00ebt\u00eb l\u00ebvizje televizive dhe rrezikun e madh me imazhin e tij.<\/p>\n<p>Apo as si e till\u00eb, kjo shif\u00ebr nuk ja vlen p\u00ebr rikthimin n\u00eb formate t\u00eb tilla. Si mendoni ju? \/Prive by Liberta Spahiu<\/p>\n<div id=\"evind-4002584740\" class=\"evind-aft-content evind-entity-placement\"><script async src=\"https:\/\/pagead2.googlesyndication.com\/pagead\/js\/adsbygoogle.js\"\r\n     crossorigin=\"anonymous\"><\/script>\r\n<ins class=\"adsbygoogle\"\r\n     style=\"display:block; text-align:center;\"\r\n     data-ad-layout=\"in-article\"\r\n     data-ad-format=\"fluid\"\r\n     data-ad-client=\"ca-pub-9502650571429605\"\r\n     data-page-url=\"https:\/\/evindepaketle.com\"\r\n     data-ad-slot=\"5205678616\"><\/ins>\r\n<script>\r\n     (adsbygoogle = window.adsbygoogle || []).push({});\r\n<\/script><\/div>","protected":false},"excerpt":{"rendered":"<p>Hyrja e papritur e Ilir Shaqirit n\u00eb Ferma VIP ka ndezur diskutime t\u00eb forta kudo, duke e transformuar balerinin e njohur n\u00eb nj\u00eb personazh totalisht antagonist p\u00ebr k\u00ebt\u00eb sezon. P\u00ebr shum\u00ebk\u00ebnd n\u00eb publik, fakti q\u00eb fituesi i edicionit t\u00eb par\u00eb t\u00eb \u201cBig Brother VIP Albania\u201d pranoi t\u00eb b\u00ebhej pjes\u00eb e k\u00ebtij formati po shihet si [&hellip;]<\/p>\n","protected":false},"author":1,"featured_media":42300,"comment_status":"open","ping_status":"closed","sticky":false,"template":"","format":"standard","meta":{"jnews-multi-image_gallery":[],"jnews_single_post":[],"jnews_primary_category":[],"jnews_social_meta":[],"jnews_review":[],"enable_review":"","type":"","name":"","summary":"","brand":"","sku":"","good":[],"bad":[],"score_override":"","override_value":"","rating":[],"price":[],"jnews_override_counter":[],"jnews_post_split":[],"footnotes":""},"categories":[44],"tags":[],"class_list":["post-42298","post","type-post","status-publish","format-standard","has-post-thumbnail","hentry","category-tvshow"],"_links":{"self":[{"href":"https:\/\/evindepaketle.com\/wp\/wp-json\/wp\/v2\/posts\/42298","targetHints":{"allow":["GET"]}}],"collection":[{"href":"https:\/\/evindepaketle.com\/wp\/wp-json\/wp\/v2\/posts"}],"about":[{"href":"https:\/\/evindepaketle.com\/wp\/wp-json\/wp\/v2\/types\/post"}],"author":[{"embeddable":true,"href":"https:\/\/evindepaketle.com\/wp\/wp-json\/wp\/v2\/users\/1"}],"replies":[{"embeddable":true,"href":"https:\/\/evindepaketle.com\/wp\/wp-json\/wp\/v2\/comments?post=42298"}],"version-history":[{"count":1,"href":"https:\/\/evindepaketle.com\/wp\/wp-json\/wp\/v2\/posts\/42298\/revisions"}],"predecessor-version":[{"id":42299,"href":"https:\/\/evindepaketle.com\/wp\/wp-json\/wp\/v2\/posts\/42298\/revisions\/42299"}],"wp:featuredmedia":[{"embeddable":true,"href":"https:\/\/evindepaketle.com\/wp\/wp-json\/wp\/v2\/media\/42300"}],"wp:attachment":[{"href":"https:\/\/evindepaketle.com\/wp\/wp-json\/wp\/v2\/media?parent=42298"}],"wp:term":[{"taxonomy":"category","embeddable":true,"href":"https:\/\/evindepaketle.com\/wp\/wp-json\/wp\/v2\/categories?post=42298"},{"taxonomy":"post_tag","embeddable":true,"href":"https:\/\/evindepaketle.com\/wp\/wp-json\/wp\/v2\/tags?post=42298"}],"curies":[{"name":"wp","href":"https:\/\/api.w.org\/{rel}","templated":true}]}}