{"id":37539,"date":"2026-02-11T09:01:53","date_gmt":"2026-02-11T09:01:53","guid":{"rendered":"https:\/\/evindepaketle.com\/wp\/?p=37539"},"modified":"2026-02-11T09:01:53","modified_gmt":"2026-02-11T09:01:53","slug":"e-trishte-ndahet-nga-jeta-gjyqtari-i-njohur-shqiptar","status":"publish","type":"post","link":"https:\/\/evindepaketle.com\/wp\/e-trishte-ndahet-nga-jeta-gjyqtari-i-njohur-shqiptar\/","title":{"rendered":"E trisht\u00eb, ndahet nga jeta gjyqtari i njohur shqiptar"},"content":{"rendered":"<div id=\"evind-2398015669\" class=\"evind-bf-imag-1 evind-entity-placement\"><div id=\"div-gpt-ad-1767907234185-0\" style=\"min-width:300px;min-height:250px;\"><\/div><\/div><p>\u00cbsht\u00eb ndar\u00eb nga jeta p\u00ebr arsye sh\u00ebndet\u00ebsore n\u00eb mosh\u00ebn 70 vje\u00e7are ish gjyqtari, ish drejtues i gjykat\u00ebs s\u00eb Kurbinit Ded Miri.<\/p>\n<p>\u00cbsht\u00eb nj\u00eb prej gjyqtar\u00ebve t\u00eb rinj Olti Skrame q\u00eb ka ndar\u00eb p\u00ebr miqt\u00eb e tij lajmin e largimit nga jeta t\u00eb ish-gjyqtarit, duke b\u00ebr\u00eb homazh p\u00ebr jet\u00ebn e tij, por edhe p\u00ebr m\u00ebnyr\u00ebn sesi ka pritur magjistrat\u00ebt e rinj.<\/p><div id=\"evind-2930714131\" class=\"evind-aft-img-1 evind-entity-placement\"><div id=\"div-gpt-ad-1767907274482-0\" style=\"min-width:300px;min-height:250px;\"><\/div><\/div>\n<p>Shkruan Olti Skrame:<\/p>\n<p>Sot \u00ebsht\u00eb ndar\u00eb nga jeta, p\u00ebr arsye sh\u00ebndet\u00ebsore, Ded Miri, ish-gjyqtar dhe ish-drejtues gjykate!<\/p>\n<p>Jeta e tij \u00ebsht\u00eb p\u00ebr lib\u00ebr. Lindur, m\u00eb 5 mars 1956, n\u00eb Fush\u00eb-Kuqe, Kurbin, ka qen\u00eb banues i p\u00ebrhersh\u00ebm i asaj zone.<\/p>\n<p>I vetmi mashkull i mbijetuar i familjes s\u00eb tij, nga shfarosja e kryer nga komunist\u00ebt, t\u00eb cil\u00ebt, pavar\u00ebsisht angazhimit n\u00eb Frontin Antifashist Nacional-\u00c7lirimtar, pas Luft\u00ebs, vran\u00eb 11 an\u00ebtar\u00eb t\u00eb familjes Miri, p\u00ebr shkaqe politike.<\/p>\n<p>Pas d\u00ebnimit \u201cvet\u00ebm\u201d me burgim n\u00eb Burgun e Spa\u00e7it, e kalimit t\u00eb tet\u00eb viteve n\u00eb k\u00ebt\u00eb burg, si dhe t\u00eb pes\u00eb viteve, me pun\u00eb t\u00eb detyruar, n\u00eb minier\u00ebn pran\u00eb tij, u s\u00ebmur me silikoz\u00eb, por mbijetoi, si pak t\u00eb d\u00ebnuar t\u00eb tjer\u00eb.<\/p>\n<p>Pas viteve \u201890, fillimisht kaloi disa vite n\u00eb polici, edhe duke u plagosur me disa goditje me arm\u00eb zjarri, gjat\u00eb ushtrimit t\u00eb detyr\u00ebs. Nga viti 1994 ka ushtruar, fillimisht, detyr\u00ebn e ndihm\u00ebs-gjyqtarit, e mandej at\u00eb t\u00eb gjyqtarit, deri n\u00eb mars 2023, kur me mbushjen e mosh\u00ebs 67-vje\u00e7are, n\u00eb dallim nga t\u00eb tjer\u00eb, nuk u ngul me thonj pas karriges.<\/p>\n<p>Me at\u00eb rast, m\u00eb b\u00ebri nderin e dh\u00ebnies s\u00eb tog\u00ebs s\u00eb tij, t\u00eb rreth 30 viteve karrier\u00eb gjyq\u00ebsore!<\/p>\n<p>Kur nisa detyr\u00ebn n\u00eb korrik 2019, n\u00eb Gjykat\u00ebn e Rrethit Gjyq\u00ebsor Kurbin, ishte drejtues i gjykat\u00ebs n\u00eb pozit\u00ebn e zv. kryetarit. M\u00eb ka pritur shum\u00eb mir\u00eb, duke m\u00eb garantuar efektivisht pavar\u00ebsi dhe mund\u00ebsi p\u00ebr t\u00eb ndikuar n\u00eb p\u00ebrmir\u00ebsimin e imazhit t\u00eb gjykat\u00ebs, bashk\u00eb me koleg\u00ebt dhe administrat\u00ebn.<\/p>\n<p>Nd\u00ebr cil\u00ebsit\u00eb e shumta pozitive q\u00eb kishte ishin mendja e hapur n\u00eb aspektin profesional, q\u00ebnia (si\u00e7 thoshte ai) \u201cnjeri, p\u00ebrpara se gjyqtar\u201d, aft\u00ebsia p\u00ebr t\u00eb njohur njer\u00ebzit dhe sidomos vullneti dhe rezistenca.<\/p>\n<div id=\"evind-71758468\" class=\"evind-aft-content evind-entity-placement\"><script async src=\"https:\/\/pagead2.googlesyndication.com\/pagead\/js\/adsbygoogle.js\"\r\n     crossorigin=\"anonymous\"><\/script>\r\n<ins class=\"adsbygoogle\"\r\n     style=\"display:block; text-align:center;\"\r\n     data-ad-layout=\"in-article\"\r\n     data-ad-format=\"fluid\"\r\n     data-ad-client=\"ca-pub-9502650571429605\"\r\n     data-page-url=\"https:\/\/evindepaketle.com\"\r\n     data-ad-slot=\"5205678616\"><\/ins>\r\n<script>\r\n     (adsbygoogle = window.adsbygoogle || []).push({});\r\n<\/script><\/div>","protected":false},"excerpt":{"rendered":"<p>\u00cbsht\u00eb ndar\u00eb nga jeta p\u00ebr arsye sh\u00ebndet\u00ebsore n\u00eb mosh\u00ebn 70 vje\u00e7are ish gjyqtari, ish drejtues i gjykat\u00ebs s\u00eb Kurbinit Ded Miri. \u00cbsht\u00eb nj\u00eb prej gjyqtar\u00ebve t\u00eb rinj Olti Skrame q\u00eb ka ndar\u00eb p\u00ebr miqt\u00eb e tij lajmin e largimit nga jeta t\u00eb ish-gjyqtarit, duke b\u00ebr\u00eb homazh p\u00ebr jet\u00ebn e tij, por edhe p\u00ebr m\u00ebnyr\u00ebn sesi [&hellip;]<\/p>\n","protected":false},"author":1,"featured_media":37541,"comment_status":"open","ping_status":"closed","sticky":false,"template":"","format":"standard","meta":{"jnews-multi-image_gallery":[],"jnews_single_post":[],"jnews_primary_category":[],"jnews_social_meta":[],"jnews_review":[],"enable_review":"","type":"","name":"","summary":"","brand":"","sku":"","good":[],"bad":[],"score_override":"","override_value":"","rating":[],"price":[],"jnews_override_counter":[],"jnews_post_split":[],"footnotes":""},"categories":[44],"tags":[],"class_list":["post-37539","post","type-post","status-publish","format-standard","has-post-thumbnail","hentry","category-tvshow"],"_links":{"self":[{"href":"https:\/\/evindepaketle.com\/wp\/wp-json\/wp\/v2\/posts\/37539","targetHints":{"allow":["GET"]}}],"collection":[{"href":"https:\/\/evindepaketle.com\/wp\/wp-json\/wp\/v2\/posts"}],"about":[{"href":"https:\/\/evindepaketle.com\/wp\/wp-json\/wp\/v2\/types\/post"}],"author":[{"embeddable":true,"href":"https:\/\/evindepaketle.com\/wp\/wp-json\/wp\/v2\/users\/1"}],"replies":[{"embeddable":true,"href":"https:\/\/evindepaketle.com\/wp\/wp-json\/wp\/v2\/comments?post=37539"}],"version-history":[{"count":1,"href":"https:\/\/evindepaketle.com\/wp\/wp-json\/wp\/v2\/posts\/37539\/revisions"}],"predecessor-version":[{"id":37540,"href":"https:\/\/evindepaketle.com\/wp\/wp-json\/wp\/v2\/posts\/37539\/revisions\/37540"}],"wp:featuredmedia":[{"embeddable":true,"href":"https:\/\/evindepaketle.com\/wp\/wp-json\/wp\/v2\/media\/37541"}],"wp:attachment":[{"href":"https:\/\/evindepaketle.com\/wp\/wp-json\/wp\/v2\/media?parent=37539"}],"wp:term":[{"taxonomy":"category","embeddable":true,"href":"https:\/\/evindepaketle.com\/wp\/wp-json\/wp\/v2\/categories?post=37539"},{"taxonomy":"post_tag","embeddable":true,"href":"https:\/\/evindepaketle.com\/wp\/wp-json\/wp\/v2\/tags?post=37539"}],"curies":[{"name":"wp","href":"https:\/\/api.w.org\/{rel}","templated":true}]}}