{"id":37391,"date":"2026-02-09T09:02:54","date_gmt":"2026-02-09T09:02:54","guid":{"rendered":"https:\/\/evindepaketle.com\/wp\/?p=37391"},"modified":"2026-02-09T09:02:54","modified_gmt":"2026-02-09T09:02:54","slug":"njera-me-e-bukur-se-tjetra-njihuni-me-mamane-e-selin-foto","status":"publish","type":"post","link":"https:\/\/evindepaketle.com\/wp\/njera-me-e-bukur-se-tjetra-njihuni-me-mamane-e-selin-foto\/","title":{"rendered":"Nj\u00ebra m\u00eb e bukur se tjetra\/ Njihuni me maman\u00eb e Selin (FOTO)"},"content":{"rendered":"<div id=\"evind-1023381847\" class=\"evind-bf-imag-1 evind-entity-placement\"><div id=\"div-gpt-ad-1767907234185-0\" style=\"min-width:300px;min-height:250px;\"><\/div><\/div><p>Selin Bollati \u00ebsht\u00eb nj\u00eb nga banoret q\u00eb po krijon dinamika t\u00eb forta n\u00eb \u201cBig Brother VIP Albania 5\u201d, por v\u00ebmendja s\u00eb fundmi \u00ebsht\u00eb zhvendosur tek jeta e saj jasht\u00eb sht\u00ebpis\u00eb dhe familja.<\/p>\n<p>N\u00eb profilin e saj n\u00eb Instagram, i cili menaxhohet nga t\u00eb af\u00ebrmit gjat\u00eb q\u00ebndrimit t\u00eb saj n\u00eb sht\u00ebpi, \u00ebsht\u00eb rishp\u00ebrndar\u00eb nj\u00eb foto mjaft e \u00ebmb\u00ebl ku Selina shfaqet krah n\u00ebn\u00ebs s\u00eb saj, Jasmina Bollati.<\/p><div id=\"evind-2074736533\" class=\"evind-aft-img-1 evind-entity-placement\"><div id=\"div-gpt-ad-1767907274482-0\" style=\"min-width:300px;min-height:250px;\"><\/div><\/div>\n<p>N\u00eb foto, dy zonjat shfaqen mjaft elegante, ku bie n\u00eb sy ngjashm\u00ebria mes tyre, ve\u00e7an\u00ebrisht n\u00eb tiparet e fytyr\u00ebs dhe flok\u00ebt biond\u00eb.<\/p>\n<p>Postimi shoq\u00ebrohet me mbishkrimin emocionues \u201cNe t\u00eb dyja gjith\u00eb jet\u00ebn\u201d, duke d\u00ebshmuar lidhjen e ngusht\u00eb n\u00ebn\u00eb e bij\u00eb dhe mb\u00ebshtetjen e pakusht\u00ebzuar q\u00eb Selina ka nga familja n\u00eb k\u00ebt\u00eb rrug\u00ebtim televiziv.<img fetchpriority=\"high\" decoding=\"async\" src=\"https:\/\/post.gazetatirana.com\/wp-content\/uploads\/2026\/02\/image-166.webp\" alt=\"\" width=\"1181\" height=\"2560\" class=\"alignnone size-full wp-image-5508\" \/><\/p>\n<div id=\"evind-4258305346\" class=\"evind-aft-content evind-entity-placement\"><script async src=\"https:\/\/pagead2.googlesyndication.com\/pagead\/js\/adsbygoogle.js\"\r\n     crossorigin=\"anonymous\"><\/script>\r\n<ins class=\"adsbygoogle\"\r\n     style=\"display:block; text-align:center;\"\r\n     data-ad-layout=\"in-article\"\r\n     data-ad-format=\"fluid\"\r\n     data-ad-client=\"ca-pub-9502650571429605\"\r\n     data-page-url=\"https:\/\/evindepaketle.com\"\r\n     data-ad-slot=\"5205678616\"><\/ins>\r\n<script>\r\n     (adsbygoogle = window.adsbygoogle || []).push({});\r\n<\/script><\/div>","protected":false},"excerpt":{"rendered":"<p>Selin Bollati \u00ebsht\u00eb nj\u00eb nga banoret q\u00eb po krijon dinamika t\u00eb forta n\u00eb \u201cBig Brother VIP Albania 5\u201d, por v\u00ebmendja s\u00eb fundmi \u00ebsht\u00eb zhvendosur tek jeta e saj jasht\u00eb sht\u00ebpis\u00eb dhe familja. N\u00eb profilin e saj n\u00eb Instagram, i cili menaxhohet nga t\u00eb af\u00ebrmit gjat\u00eb q\u00ebndrimit t\u00eb saj n\u00eb sht\u00ebpi, \u00ebsht\u00eb rishp\u00ebrndar\u00eb nj\u00eb foto mjaft [&hellip;]<\/p>\n","protected":false},"author":1,"featured_media":37393,"comment_status":"open","ping_status":"closed","sticky":false,"template":"","format":"standard","meta":{"jnews-multi-image_gallery":[],"jnews_single_post":[],"jnews_primary_category":[],"jnews_social_meta":[],"jnews_review":[],"enable_review":"","type":"","name":"","summary":"","brand":"","sku":"","good":[],"bad":[],"score_override":"","override_value":"","rating":[],"price":[],"jnews_override_counter":[],"jnews_post_split":[],"footnotes":""},"categories":[44],"tags":[],"class_list":["post-37391","post","type-post","status-publish","format-standard","has-post-thumbnail","hentry","category-tvshow"],"_links":{"self":[{"href":"https:\/\/evindepaketle.com\/wp\/wp-json\/wp\/v2\/posts\/37391","targetHints":{"allow":["GET"]}}],"collection":[{"href":"https:\/\/evindepaketle.com\/wp\/wp-json\/wp\/v2\/posts"}],"about":[{"href":"https:\/\/evindepaketle.com\/wp\/wp-json\/wp\/v2\/types\/post"}],"author":[{"embeddable":true,"href":"https:\/\/evindepaketle.com\/wp\/wp-json\/wp\/v2\/users\/1"}],"replies":[{"embeddable":true,"href":"https:\/\/evindepaketle.com\/wp\/wp-json\/wp\/v2\/comments?post=37391"}],"version-history":[{"count":1,"href":"https:\/\/evindepaketle.com\/wp\/wp-json\/wp\/v2\/posts\/37391\/revisions"}],"predecessor-version":[{"id":37392,"href":"https:\/\/evindepaketle.com\/wp\/wp-json\/wp\/v2\/posts\/37391\/revisions\/37392"}],"wp:featuredmedia":[{"embeddable":true,"href":"https:\/\/evindepaketle.com\/wp\/wp-json\/wp\/v2\/media\/37393"}],"wp:attachment":[{"href":"https:\/\/evindepaketle.com\/wp\/wp-json\/wp\/v2\/media?parent=37391"}],"wp:term":[{"taxonomy":"category","embeddable":true,"href":"https:\/\/evindepaketle.com\/wp\/wp-json\/wp\/v2\/categories?post=37391"},{"taxonomy":"post_tag","embeddable":true,"href":"https:\/\/evindepaketle.com\/wp\/wp-json\/wp\/v2\/tags?post=37391"}],"curies":[{"name":"wp","href":"https:\/\/api.w.org\/{rel}","templated":true}]}}