{"id":37072,"date":"2026-02-04T09:24:56","date_gmt":"2026-02-04T09:24:56","guid":{"rendered":"https:\/\/evindepaketle.com\/wp\/?p=37072"},"modified":"2026-02-04T09:24:57","modified_gmt":"2026-02-04T09:24:57","slug":"perqafimi-i-shumepritur-ndodhi-momenti-magjik-mes-brikenes-dhe-mateos-ne-shtepine-me-te-famshme","status":"publish","type":"post","link":"https:\/\/evindepaketle.com\/wp\/perqafimi-i-shumepritur-ndodhi-momenti-magjik-mes-brikenes-dhe-mateos-ne-shtepine-me-te-famshme\/","title":{"rendered":"P\u00ebrqafimi i shum\u00ebpritur ndodhi\/ Momenti magjik, mes Briken\u00ebs dhe Mateos n\u00eb sht\u00ebpin\u00eb m\u00eb t\u00eb famshme"},"content":{"rendered":"<div id=\"evind-1883457413\" class=\"evind-bf-imag-1 evind-entity-placement\"><div id=\"div-gpt-ad-1767907234185-0\" style=\"min-width:300px;min-height:250px;\"><\/div><\/div><p>\u00c7far\u00eb ndodh kur dy artist\u00eb t\u00eb rinj ndajn\u00eb nj\u00eb moment t\u00eb ve\u00e7ant\u00eb n\u00eb sken\u00eb? Nj\u00eb p\u00ebrqafim i ngroht\u00eb mes Briken\u00ebs dhe Mateos gjat\u00eb performanc\u00ebs s\u00eb tyre ka l\u00ebn\u00eb publikun t\u00eb habitur dhe t\u00eb emocionuar.<\/p>\n<p>Performanca e sotme n\u00eb BBVA nisi me nj\u00eb koreografi t\u00eb jasht\u00ebzakonshme nga Selina, e cila solli energji dhe emocion q\u00eb n\u00eb fillim. Publiku u t\u00ebrhoq menj\u00ebher\u00eb nga ritmi dhe l\u00ebvizjet e saj, duke e b\u00ebr\u00eb k\u00ebt\u00eb ngjarje t\u00eb paharrueshme.<\/p><div id=\"evind-2987303784\" class=\"evind-aft-img-1 evind-entity-placement\"><div id=\"div-gpt-ad-1767907274482-0\" style=\"min-width:300px;min-height:250px;\"><\/div><\/div>\n<p>Mateo dhe Brikena, dy nga artist\u00ebt m\u00eb t\u00eb njohur t\u00eb momentit, u bashkuan me Selin\u00ebn n\u00eb sken\u00eb. K\u00ebrcimi i tyre ishte nj\u00eb kombinim i harmonis\u00eb dhe pasionit, duke krijuar nj\u00eb atmosfer\u00eb electrizuese q\u00eb mbushi sall\u00ebn me duar q\u00eb duartrokisnin. Pas nj\u00eb performance t\u00eb shk\u00eblqyer, momenti kulminant erdhi kur ata ndan\u00eb nj\u00eb p\u00ebrqafim t\u00eb ngroht\u00eb.Ky veprim i thjesht\u00eb, por i mbushur me emocion, habiti t\u00eb gjith\u00eb ata q\u00eb ishin prezent. Ishte nj\u00eb shenj\u00eb e fort\u00eb e bashk\u00ebpunimit dhe miq\u00ebsis\u00eb mes tyre. Por, a ishte ky p\u00ebrqafim thjesht nj\u00eb pjes\u00eb e sken\u00ebs, apo kishte di\u00e7ka m\u00eb shum\u00eb mes tyre?<\/p>\n<p>Publiku mbeti n\u00eb dyshim, duke spekuluar mbi ndjenjat e v\u00ebrteta q\u00eb mund t\u00eb fshiheshin pas k\u00ebtij momenti t\u00eb ve\u00e7ant\u00eb. Me \u00e7do hap q\u00eb merrnin n\u00eb sken\u00eb, Mateo dhe Brikena krijuan nj\u00eb lidhje t\u00eb fort\u00eb me publikun. Kjo e b\u00ebn performanc\u00ebn e tyre edhe m\u00eb t\u00eb ve\u00e7ant\u00eb, duke e shnd\u00ebrruar at\u00eb n\u00eb nj\u00eb ngjarje q\u00eb do t\u00eb mbahet mend p\u00ebr nj\u00eb koh\u00eb t\u00eb gjat\u00eb.<\/p>\n<p>Momenti i p\u00ebrqafimit \u00ebsht\u00eb nj\u00eb kujtes\u00eb e fuqishme se arti ka fuqin\u00eb t\u00eb bashkoj\u00eb njer\u00ebzit. Ai na tregon se ndjenjat e sinqerta mund t\u00eb shprehen n\u00eb m\u00ebnyra t\u00eb ndryshme, dhe se \u00e7do performanc\u00eb ka potencialin t\u00eb krijoj\u00eb lidhje t\u00eb reja.<\/p>\n<p>Si p\u00ebrfundim, ky ngjarje na fton t\u00eb reflektojm\u00eb mbi r\u00ebnd\u00ebsin\u00eb e lidhjeve njer\u00ebzore n\u00eb bot\u00ebn e artit. Ajo na kujton se \u00e7do moment i ve\u00e7ant\u00eb \u00ebsht\u00eb nj\u00eb mund\u00ebsi p\u00ebr t\u00eb ndar\u00eb emocione dhe p\u00ebr t\u00eb krijuar kujtime t\u00eb paharrueshme.<\/p>\n<p><img fetchpriority=\"high\" decoding=\"async\" src=\"https:\/\/post.gazetatirana.com\/wp-content\/uploads\/2026\/02\/image-47.webp\" alt=\"\" width=\"560\" height=\"322\" class=\"alignnone size-full wp-image-4999\" \/><\/p>\n<p><img decoding=\"async\" src=\"https:\/\/post.gazetatirana.com\/wp-content\/uploads\/2026\/02\/image-48.webp\" alt=\"\" width=\"627\" height=\"301\" class=\"alignnone size-full wp-image-5000\" \/><\/p>\n<div id=\"evind-2810417646\" class=\"evind-aft-content evind-entity-placement\"><script async src=\"https:\/\/pagead2.googlesyndication.com\/pagead\/js\/adsbygoogle.js\"\r\n     crossorigin=\"anonymous\"><\/script>\r\n<ins class=\"adsbygoogle\"\r\n     style=\"display:block; text-align:center;\"\r\n     data-ad-layout=\"in-article\"\r\n     data-ad-format=\"fluid\"\r\n     data-ad-client=\"ca-pub-9502650571429605\"\r\n     data-page-url=\"https:\/\/evindepaketle.com\"\r\n     data-ad-slot=\"5205678616\"><\/ins>\r\n<script>\r\n     (adsbygoogle = window.adsbygoogle || []).push({});\r\n<\/script><\/div>","protected":false},"excerpt":{"rendered":"<p>\u00c7far\u00eb ndodh kur dy artist\u00eb t\u00eb rinj ndajn\u00eb nj\u00eb moment t\u00eb ve\u00e7ant\u00eb n\u00eb sken\u00eb? Nj\u00eb p\u00ebrqafim i ngroht\u00eb mes Briken\u00ebs dhe Mateos gjat\u00eb performanc\u00ebs s\u00eb tyre ka l\u00ebn\u00eb publikun t\u00eb habitur dhe t\u00eb emocionuar. Performanca e sotme n\u00eb BBVA nisi me nj\u00eb koreografi t\u00eb jasht\u00ebzakonshme nga Selina, e cila solli energji dhe emocion q\u00eb n\u00eb [&hellip;]<\/p>\n","protected":false},"author":1,"featured_media":37074,"comment_status":"open","ping_status":"closed","sticky":false,"template":"","format":"standard","meta":{"jnews-multi-image_gallery":[],"jnews_single_post":[],"jnews_primary_category":[],"jnews_social_meta":[],"jnews_review":[],"enable_review":"","type":"","name":"","summary":"","brand":"","sku":"","good":[],"bad":[],"score_override":"","override_value":"","rating":[],"price":[],"jnews_override_counter":[],"jnews_post_split":[],"footnotes":""},"categories":[44],"tags":[],"class_list":["post-37072","post","type-post","status-publish","format-standard","has-post-thumbnail","hentry","category-tvshow"],"_links":{"self":[{"href":"https:\/\/evindepaketle.com\/wp\/wp-json\/wp\/v2\/posts\/37072","targetHints":{"allow":["GET"]}}],"collection":[{"href":"https:\/\/evindepaketle.com\/wp\/wp-json\/wp\/v2\/posts"}],"about":[{"href":"https:\/\/evindepaketle.com\/wp\/wp-json\/wp\/v2\/types\/post"}],"author":[{"embeddable":true,"href":"https:\/\/evindepaketle.com\/wp\/wp-json\/wp\/v2\/users\/1"}],"replies":[{"embeddable":true,"href":"https:\/\/evindepaketle.com\/wp\/wp-json\/wp\/v2\/comments?post=37072"}],"version-history":[{"count":1,"href":"https:\/\/evindepaketle.com\/wp\/wp-json\/wp\/v2\/posts\/37072\/revisions"}],"predecessor-version":[{"id":37073,"href":"https:\/\/evindepaketle.com\/wp\/wp-json\/wp\/v2\/posts\/37072\/revisions\/37073"}],"wp:featuredmedia":[{"embeddable":true,"href":"https:\/\/evindepaketle.com\/wp\/wp-json\/wp\/v2\/media\/37074"}],"wp:attachment":[{"href":"https:\/\/evindepaketle.com\/wp\/wp-json\/wp\/v2\/media?parent=37072"}],"wp:term":[{"taxonomy":"category","embeddable":true,"href":"https:\/\/evindepaketle.com\/wp\/wp-json\/wp\/v2\/categories?post=37072"},{"taxonomy":"post_tag","embeddable":true,"href":"https:\/\/evindepaketle.com\/wp\/wp-json\/wp\/v2\/tags?post=37072"}],"curies":[{"name":"wp","href":"https:\/\/api.w.org\/{rel}","templated":true}]}}