{"id":36893,"date":"2026-01-31T17:27:30","date_gmt":"2026-01-31T17:27:30","guid":{"rendered":"https:\/\/evindepaketle.com\/wp\/?p=36893"},"modified":"2026-01-31T17:27:31","modified_gmt":"2026-01-31T17:27:31","slug":"miri-ngacmon-selin-e-imja-pergjithmone","status":"publish","type":"post","link":"https:\/\/evindepaketle.com\/wp\/miri-ngacmon-selin-e-imja-pergjithmone\/","title":{"rendered":"Miri ngacmon Selin: E imja p\u00ebrgjithmon\u00eb"},"content":{"rendered":"<div id=\"evind-2717646585\" class=\"evind-bf-imag-1 evind-entity-placement\"><div id=\"div-gpt-ad-1767907234185-0\" style=\"min-width:300px;min-height:250px;\"><\/div><\/div><p>Gjat\u00eb fest\u00ebs s\u00eb organizuar mbr\u00ebm\u00eb n\u00eb sht\u00ebpin\u00eb e BBVA, atmosfera ishte n\u00eb kulm, me banor\u00ebt q\u00eb k\u00ebrcenin dhe shijonin muzik\u00ebn pa u ndalur.<\/p>\n<p>Por nj\u00eb moment i ve\u00e7ant\u00eb mori gjith\u00eb v\u00ebmendjen e publikut kur nisi k\u00ebnga e West Side Family, \u201cE imja\u201d.<\/p><div id=\"evind-3821463433\" class=\"evind-aft-img-1 evind-entity-placement\"><div id=\"div-gpt-ad-1767907274482-0\" style=\"min-width:300px;min-height:250px;\"><\/div><\/div>\n<p>N\u00eb mes t\u00eb pist\u00ebs s\u00eb vall\u00ebzimit, Miri, Greta dhe Selin po k\u00ebrcenin s\u00eb bashku, por ishte afrimiteti mes Mirit dhe Selinit q\u00eb ra menj\u00ebher\u00eb n\u00eb sy.<\/p>\n<p>Teksa muzika vazhdonte, Miri iu drejtua Selinit duke ia k\u00ebnduar vargjet me plot ndjenj\u00eb:<\/p>\n<p>\u201cE imja p\u00ebrgjithmon\u00eb, mos e ndrysho mendjen\u201d, fjal\u00eb q\u00eb u interpretuan nga shum\u00eb ndjek\u00ebs si nj\u00eb mesazh i drejtp\u00ebrdrejt\u00eb dhe i mbushur me n\u00ebnkuptime.<\/p>\n<p>Momenti nuk mbaroi aty. Sapo k\u00ebnga p\u00ebrfundoi, Miri e ngacmom s\u00ebrish Selinin duke i th\u00ebn\u00eb:<\/p>\n<p>\u201cE imja p\u00ebrgjithmon\u00eb\u2026 nejse\u201d, fraz\u00eb q\u00eb ndezi menj\u00ebher\u00eb reagime dhe komente n\u00eb rrjete sociale.<\/p>\n<p>Ndjek\u00ebsit e formatit kan\u00eb filluar t\u00eb analizojn\u00eb \u00e7do detaj t\u00eb k\u00ebsaj skene, duke e par\u00eb si nj\u00eb tjet\u00ebr prov\u00eb t\u00eb afrimitetit mes tyre.<\/p>\n<div id=\"evind-1739499471\" class=\"evind-aft-content evind-entity-placement\"><script async src=\"https:\/\/pagead2.googlesyndication.com\/pagead\/js\/adsbygoogle.js\"\r\n     crossorigin=\"anonymous\"><\/script>\r\n<ins class=\"adsbygoogle\"\r\n     style=\"display:block; text-align:center;\"\r\n     data-ad-layout=\"in-article\"\r\n     data-ad-format=\"fluid\"\r\n     data-ad-client=\"ca-pub-9502650571429605\"\r\n     data-page-url=\"https:\/\/evindepaketle.com\"\r\n     data-ad-slot=\"5205678616\"><\/ins>\r\n<script>\r\n     (adsbygoogle = window.adsbygoogle || []).push({});\r\n<\/script><\/div>","protected":false},"excerpt":{"rendered":"<p>Gjat\u00eb fest\u00ebs s\u00eb organizuar mbr\u00ebm\u00eb n\u00eb sht\u00ebpin\u00eb e BBVA, atmosfera ishte n\u00eb kulm, me banor\u00ebt q\u00eb k\u00ebrcenin dhe shijonin muzik\u00ebn pa u ndalur. Por nj\u00eb moment i ve\u00e7ant\u00eb mori gjith\u00eb v\u00ebmendjen e publikut kur nisi k\u00ebnga e West Side Family, \u201cE imja\u201d. N\u00eb mes t\u00eb pist\u00ebs s\u00eb vall\u00ebzimit, Miri, Greta dhe Selin po k\u00ebrcenin s\u00eb [&hellip;]<\/p>\n","protected":false},"author":1,"featured_media":36895,"comment_status":"open","ping_status":"closed","sticky":false,"template":"","format":"standard","meta":{"jnews-multi-image_gallery":[],"jnews_single_post":[],"jnews_primary_category":[],"jnews_social_meta":[],"jnews_review":[],"enable_review":"","type":"","name":"","summary":"","brand":"","sku":"","good":[],"bad":[],"score_override":"","override_value":"","rating":[],"price":[],"jnews_override_counter":[],"jnews_post_split":[],"footnotes":""},"categories":[44],"tags":[],"class_list":["post-36893","post","type-post","status-publish","format-standard","has-post-thumbnail","hentry","category-tvshow"],"_links":{"self":[{"href":"https:\/\/evindepaketle.com\/wp\/wp-json\/wp\/v2\/posts\/36893","targetHints":{"allow":["GET"]}}],"collection":[{"href":"https:\/\/evindepaketle.com\/wp\/wp-json\/wp\/v2\/posts"}],"about":[{"href":"https:\/\/evindepaketle.com\/wp\/wp-json\/wp\/v2\/types\/post"}],"author":[{"embeddable":true,"href":"https:\/\/evindepaketle.com\/wp\/wp-json\/wp\/v2\/users\/1"}],"replies":[{"embeddable":true,"href":"https:\/\/evindepaketle.com\/wp\/wp-json\/wp\/v2\/comments?post=36893"}],"version-history":[{"count":1,"href":"https:\/\/evindepaketle.com\/wp\/wp-json\/wp\/v2\/posts\/36893\/revisions"}],"predecessor-version":[{"id":36894,"href":"https:\/\/evindepaketle.com\/wp\/wp-json\/wp\/v2\/posts\/36893\/revisions\/36894"}],"wp:featuredmedia":[{"embeddable":true,"href":"https:\/\/evindepaketle.com\/wp\/wp-json\/wp\/v2\/media\/36895"}],"wp:attachment":[{"href":"https:\/\/evindepaketle.com\/wp\/wp-json\/wp\/v2\/media?parent=36893"}],"wp:term":[{"taxonomy":"category","embeddable":true,"href":"https:\/\/evindepaketle.com\/wp\/wp-json\/wp\/v2\/categories?post=36893"},{"taxonomy":"post_tag","embeddable":true,"href":"https:\/\/evindepaketle.com\/wp\/wp-json\/wp\/v2\/tags?post=36893"}],"curies":[{"name":"wp","href":"https:\/\/api.w.org\/{rel}","templated":true}]}}