{"id":36784,"date":"2026-01-30T08:53:51","date_gmt":"2026-01-30T08:53:51","guid":{"rendered":"https:\/\/evindepaketle.com\/wp\/?p=36784"},"modified":"2026-01-30T08:53:52","modified_gmt":"2026-01-30T08:53:52","slug":"aksident-tragjik-ne-itali-humbin-jeten-dy-te-rinj-shqiptare","status":"publish","type":"post","link":"https:\/\/evindepaketle.com\/wp\/aksident-tragjik-ne-itali-humbin-jeten-dy-te-rinj-shqiptare\/","title":{"rendered":"Aksident tragjik n\u00eb Itali, humbin jet\u00ebn dy t\u00eb rinj shqiptar\u00eb"},"content":{"rendered":"<div id=\"evind-2085059962\" class=\"evind-bf-imag-1 evind-entity-placement\"><div id=\"div-gpt-ad-1767907234185-0\" style=\"min-width:300px;min-height:250px;\"><\/div><\/div><p>Nj\u00eb aksident tragjik ka ndodhur mbr\u00ebmjen e djeshme n\u00eb Itali, ku dy t\u00eb rinj shqiptar\u00eb kan\u00eb humbur jet\u00ebn, nd\u00ebrsa tre persona t\u00eb tjer\u00eb kan\u00eb mbetur t\u00eb plagosur<\/p>\n<p>Ngjarja \u00ebsht\u00eb regjistruar n\u00eb strada Sanit\u00e0, n\u00eb segmentin e rrug\u00ebs provinciale q\u00eb lidh Savigliano me Vottignasco, n\u00eb provinc\u00ebn Cuneo.<\/p><div id=\"evind-2032071200\" class=\"evind-aft-img-1 evind-entity-placement\"><div id=\"div-gpt-ad-1767907274482-0\" style=\"min-width:300px;min-height:250px;\"><\/div><\/div>\n<p>Mediat italiane raportojn\u00eb se b\u00ebhet fjal\u00eb p\u00ebr nj\u00eb rrug\u00eb t\u00eb ngusht\u00eb, e njohur prej vitesh si problematike dhe ku jan\u00eb sh\u00ebnuar edhe m\u00eb par\u00eb aksidente t\u00eb r\u00ebnda.<\/p>\n<p>Sipas informacioneve paraprake, Jeep-i ku udh\u00ebtonin tre t\u00eb rinj shqiptar\u00eb \u00ebsht\u00eb p\u00ebrplasur ball\u00eb p\u00ebr ball\u00eb me nj\u00eb mjet t\u00eb r\u00ebnd\u00eb Iveco. P\u00ebrplasja ka qen\u00eb e fort\u00eb, nd\u00ebrsa dinamika e sakt\u00eb e aksidentit mbetet ende n\u00ebn hetim nga autoritetet.<\/p>\n<p>N\u00eb automjetin tip SUV ndodheshin tre shtetas shqiptar\u00eb. Dy prej tyre, pak mbi t\u00eb 20-at, kan\u00eb nd\u00ebrruar jet\u00eb n\u00eb vendngjarje. I treti, nj\u00eb 21-vje\u00e7ar, i cili ndodhej n\u00eb sediljet e pasme, ka mbetur i plagosur dhe \u00ebsht\u00eb transportuar me urgjenc\u00eb n\u00eb spitalin e Savigliano-s n\u00eb kod t\u00eb verdh\u00eb (jasht\u00eb rrezikut p\u00ebr jet\u00ebn).<br \/>\nNd\u00ebrkoh\u00eb, n\u00eb mjetin e r\u00ebnd\u00eb udh\u00ebtonin dy persona, nj\u00eb burr\u00eb dhe nj\u00eb grua. Burri, 58-vje\u00e7, \u00ebsht\u00eb d\u00ebrguar gjithashtu n\u00eb spital n\u00eb kod t\u00eb verdh\u00eb, nd\u00ebrsa gruaja, 55-vje\u00e7e, ka p\u00ebsuar plag\u00eb t\u00eb r\u00ebnda (politraum\u00eb) dhe \u00ebsht\u00eb transportuar me helikopter n\u00eb spitalin Santa Croce n\u00eb Cuneo, n\u00eb kod t\u00eb kuq.<\/p>\n<p>N\u00eb vendngjarje kan\u00eb mb\u00ebrritur forcat e emergjenc\u00ebs me dy autoambulanca, sh\u00ebrbimi i elisoccorso 118, si edhe zjarrfik\u00ebsit, t\u00eb cil\u00ebt kan\u00eb punuar p\u00ebr nj\u00eb koh\u00eb t\u00eb gjat\u00eb p\u00ebr t\u00eb nxjerr\u00eb trupat dhe t\u00eb plagosurit nga mjetet e shkat\u00ebrruara.<\/p>\n<p>Karabinier\u00ebt po vijojn\u00eb hetimet p\u00ebr t\u00eb zbardhur shkaqet e aksidentit dhe po verifikojn\u00eb n\u00ebse p\u00ebrplasja mund t\u00eb jet\u00eb shkaktuar nga nj\u00eb manov\u00ebr e rrezikshme parakalimi. P\u00ebr disa or\u00eb, rruga u mbajt e bllokuar dhe qarkullimi u devijua.<\/p>\n<div id=\"evind-1015160712\" class=\"evind-aft-content evind-entity-placement\"><script async src=\"https:\/\/pagead2.googlesyndication.com\/pagead\/js\/adsbygoogle.js\"\r\n     crossorigin=\"anonymous\"><\/script>\r\n<ins class=\"adsbygoogle\"\r\n     style=\"display:block; text-align:center;\"\r\n     data-ad-layout=\"in-article\"\r\n     data-ad-format=\"fluid\"\r\n     data-ad-client=\"ca-pub-9502650571429605\"\r\n     data-page-url=\"https:\/\/evindepaketle.com\"\r\n     data-ad-slot=\"5205678616\"><\/ins>\r\n<script>\r\n     (adsbygoogle = window.adsbygoogle || []).push({});\r\n<\/script><\/div>","protected":false},"excerpt":{"rendered":"<p>Nj\u00eb aksident tragjik ka ndodhur mbr\u00ebmjen e djeshme n\u00eb Itali, ku dy t\u00eb rinj shqiptar\u00eb kan\u00eb humbur jet\u00ebn, nd\u00ebrsa tre persona t\u00eb tjer\u00eb kan\u00eb mbetur t\u00eb plagosur Ngjarja \u00ebsht\u00eb regjistruar n\u00eb strada Sanit\u00e0, n\u00eb segmentin e rrug\u00ebs provinciale q\u00eb lidh Savigliano me Vottignasco, n\u00eb provinc\u00ebn Cuneo. Mediat italiane raportojn\u00eb se b\u00ebhet fjal\u00eb p\u00ebr nj\u00eb rrug\u00eb [&hellip;]<\/p>\n","protected":false},"author":1,"featured_media":36786,"comment_status":"open","ping_status":"closed","sticky":false,"template":"","format":"standard","meta":{"jnews-multi-image_gallery":[],"jnews_single_post":[],"jnews_primary_category":[],"jnews_social_meta":[],"jnews_review":[],"enable_review":"","type":"","name":"","summary":"","brand":"","sku":"","good":[],"bad":[],"score_override":"","override_value":"","rating":[],"price":[],"jnews_override_counter":[],"jnews_post_split":[],"footnotes":""},"categories":[44],"tags":[],"class_list":["post-36784","post","type-post","status-publish","format-standard","has-post-thumbnail","hentry","category-tvshow"],"_links":{"self":[{"href":"https:\/\/evindepaketle.com\/wp\/wp-json\/wp\/v2\/posts\/36784","targetHints":{"allow":["GET"]}}],"collection":[{"href":"https:\/\/evindepaketle.com\/wp\/wp-json\/wp\/v2\/posts"}],"about":[{"href":"https:\/\/evindepaketle.com\/wp\/wp-json\/wp\/v2\/types\/post"}],"author":[{"embeddable":true,"href":"https:\/\/evindepaketle.com\/wp\/wp-json\/wp\/v2\/users\/1"}],"replies":[{"embeddable":true,"href":"https:\/\/evindepaketle.com\/wp\/wp-json\/wp\/v2\/comments?post=36784"}],"version-history":[{"count":1,"href":"https:\/\/evindepaketle.com\/wp\/wp-json\/wp\/v2\/posts\/36784\/revisions"}],"predecessor-version":[{"id":36785,"href":"https:\/\/evindepaketle.com\/wp\/wp-json\/wp\/v2\/posts\/36784\/revisions\/36785"}],"wp:featuredmedia":[{"embeddable":true,"href":"https:\/\/evindepaketle.com\/wp\/wp-json\/wp\/v2\/media\/36786"}],"wp:attachment":[{"href":"https:\/\/evindepaketle.com\/wp\/wp-json\/wp\/v2\/media?parent=36784"}],"wp:term":[{"taxonomy":"category","embeddable":true,"href":"https:\/\/evindepaketle.com\/wp\/wp-json\/wp\/v2\/categories?post=36784"},{"taxonomy":"post_tag","embeddable":true,"href":"https:\/\/evindepaketle.com\/wp\/wp-json\/wp\/v2\/tags?post=36784"}],"curies":[{"name":"wp","href":"https:\/\/api.w.org\/{rel}","templated":true}]}}