{"id":36636,"date":"2026-01-28T11:17:48","date_gmt":"2026-01-28T11:17:48","guid":{"rendered":"https:\/\/evindepaketle.com\/wp\/?p=36636"},"modified":"2026-01-28T11:17:48","modified_gmt":"2026-01-28T11:17:48","slug":"vellai-i-kerkoi-te-shkeputej-nga-miri-selin-tregon-vendimin-qe-ka-marre","status":"publish","type":"post","link":"https:\/\/evindepaketle.com\/wp\/vellai-i-kerkoi-te-shkeputej-nga-miri-selin-tregon-vendimin-qe-ka-marre\/","title":{"rendered":"V\u00ebllai i k\u00ebrkoi t\u00eb shk\u00ebputej nga Miri, Selin tregon vendimin q\u00eb ka marr\u00eb"},"content":{"rendered":"<div id=\"evind-2157112107\" class=\"evind-bf-imag-1 evind-entity-placement\"><div id=\"div-gpt-ad-1767907234185-0\" style=\"min-width:300px;min-height:250px;\"><\/div><\/div><p>Selin Bollati ka reaguar pas mesazhit t\u00eb fort\u00eb q\u00eb v\u00ebllai i saj i d\u00ebrgoi mbr\u00ebmjen e kaluar n\u00eb Big Brother, ku i k\u00ebrkoi hapur t\u00eb shk\u00ebputej nga Miri, duke theksuar se ajo \u00ebsht\u00eb \u201cm\u00eb mir\u00eb vet\u00ebm\u201d.<\/p>\n<p>Mesazhi i familjarit u komentua gjer\u00ebsisht si brenda sht\u00ebpis\u00eb, ashtu edhe jasht\u00eb saj, duke hapur diskutime mbi marr\u00ebdh\u00ebnien e Selinit me Mirin dhe ndikimin q\u00eb kjo lidhje ka n\u00eb loj\u00ebn e saj.<\/p><div id=\"evind-553401873\" class=\"evind-aft-img-1 evind-entity-placement\"><div id=\"div-gpt-ad-1767907274482-0\" style=\"min-width:300px;min-height:250px;\"><\/div><\/div>\n<p>Pas k\u00ebtij momenti, Selin ka zgjedhur t\u00eb reagoj\u00eb, duke dh\u00ebn\u00eb sinjale se vendimet e saj i merr vet\u00eb dhe se \u00ebsht\u00eb e fokusuar tek rruga e saj personale brenda loj\u00ebs.<\/p>\n<p>\u201cUn\u00eb nuk kam ndryshuar. \u00cbsht\u00eb puna ime. Ai nuk \u00ebsht\u00eb k\u00ebtu me mua. Do vij\u00eb vet\u00eb momenti q\u00eb do vihet fjala e tij n\u00eb vend\u201d, tha Selin teksa fliste me Mirin.<\/p>\n<div id=\"evind-1276775161\" class=\"evind-aft-content evind-entity-placement\"><script async src=\"https:\/\/pagead2.googlesyndication.com\/pagead\/js\/adsbygoogle.js\"\r\n     crossorigin=\"anonymous\"><\/script>\r\n<ins class=\"adsbygoogle\"\r\n     style=\"display:block; text-align:center;\"\r\n     data-ad-layout=\"in-article\"\r\n     data-ad-format=\"fluid\"\r\n     data-ad-client=\"ca-pub-9502650571429605\"\r\n     data-page-url=\"https:\/\/evindepaketle.com\"\r\n     data-ad-slot=\"5205678616\"><\/ins>\r\n<script>\r\n     (adsbygoogle = window.adsbygoogle || []).push({});\r\n<\/script><\/div>","protected":false},"excerpt":{"rendered":"<p>Selin Bollati ka reaguar pas mesazhit t\u00eb fort\u00eb q\u00eb v\u00ebllai i saj i d\u00ebrgoi mbr\u00ebmjen e kaluar n\u00eb Big Brother, ku i k\u00ebrkoi hapur t\u00eb shk\u00ebputej nga Miri, duke theksuar se ajo \u00ebsht\u00eb \u201cm\u00eb mir\u00eb vet\u00ebm\u201d. Mesazhi i familjarit u komentua gjer\u00ebsisht si brenda sht\u00ebpis\u00eb, ashtu edhe jasht\u00eb saj, duke hapur diskutime mbi marr\u00ebdh\u00ebnien e [&hellip;]<\/p>\n","protected":false},"author":1,"featured_media":36638,"comment_status":"open","ping_status":"closed","sticky":false,"template":"","format":"standard","meta":{"jnews-multi-image_gallery":[],"jnews_single_post":[],"jnews_primary_category":[],"jnews_social_meta":[],"jnews_review":[],"enable_review":"","type":"","name":"","summary":"","brand":"","sku":"","good":[],"bad":[],"score_override":"","override_value":"","rating":[],"price":[],"jnews_override_counter":[],"jnews_post_split":[],"footnotes":""},"categories":[44],"tags":[],"class_list":["post-36636","post","type-post","status-publish","format-standard","has-post-thumbnail","hentry","category-tvshow"],"_links":{"self":[{"href":"https:\/\/evindepaketle.com\/wp\/wp-json\/wp\/v2\/posts\/36636","targetHints":{"allow":["GET"]}}],"collection":[{"href":"https:\/\/evindepaketle.com\/wp\/wp-json\/wp\/v2\/posts"}],"about":[{"href":"https:\/\/evindepaketle.com\/wp\/wp-json\/wp\/v2\/types\/post"}],"author":[{"embeddable":true,"href":"https:\/\/evindepaketle.com\/wp\/wp-json\/wp\/v2\/users\/1"}],"replies":[{"embeddable":true,"href":"https:\/\/evindepaketle.com\/wp\/wp-json\/wp\/v2\/comments?post=36636"}],"version-history":[{"count":1,"href":"https:\/\/evindepaketle.com\/wp\/wp-json\/wp\/v2\/posts\/36636\/revisions"}],"predecessor-version":[{"id":36637,"href":"https:\/\/evindepaketle.com\/wp\/wp-json\/wp\/v2\/posts\/36636\/revisions\/36637"}],"wp:featuredmedia":[{"embeddable":true,"href":"https:\/\/evindepaketle.com\/wp\/wp-json\/wp\/v2\/media\/36638"}],"wp:attachment":[{"href":"https:\/\/evindepaketle.com\/wp\/wp-json\/wp\/v2\/media?parent=36636"}],"wp:term":[{"taxonomy":"category","embeddable":true,"href":"https:\/\/evindepaketle.com\/wp\/wp-json\/wp\/v2\/categories?post=36636"},{"taxonomy":"post_tag","embeddable":true,"href":"https:\/\/evindepaketle.com\/wp\/wp-json\/wp\/v2\/tags?post=36636"}],"curies":[{"name":"wp","href":"https:\/\/api.w.org\/{rel}","templated":true}]}}