{"id":36433,"date":"2026-01-25T16:34:33","date_gmt":"2026-01-25T16:34:33","guid":{"rendered":"https:\/\/evindepaketle.com\/wp\/?p=36433"},"modified":"2026-01-25T16:34:33","modified_gmt":"2026-01-25T16:34:33","slug":"mateo-eshte-shume-djale-i-mire-nena-e-brikenes-flet-per-here-te-pare-kemi-qene-dakord","status":"publish","type":"post","link":"https:\/\/evindepaketle.com\/wp\/mateo-eshte-shume-djale-i-mire-nena-e-brikenes-flet-per-here-te-pare-kemi-qene-dakord\/","title":{"rendered":"\u201cMateo \u00ebsht\u00eb shum\u00eb djal\u00eb i mir\u00eb\u201d\/ N\u00ebna e Briken\u00ebs flet p\u00ebr her\u00eb t\u00eb par\u00eb: Kemi qen\u00eb dakord\u2026"},"content":{"rendered":"<div id=\"evind-1171885321\" class=\"evind-bf-imag-1 evind-entity-placement\"><div id=\"div-gpt-ad-1767907234185-0\" style=\"min-width:300px;min-height:250px;\"><\/div><\/div><p>Pas takimit surpriz\u00eb me t\u00eb bij\u00ebn n\u00eb sht\u00ebpin\u00eb e BBV, mamaja e Briken\u00ebs ka dh\u00ebn\u00eb nj\u00eb intervist\u00eb ekskluzive p\u00ebr \u201cFan Club\u201d.<\/p>\n<p>Ajo ka folur p\u00ebr rrug\u00ebtimin e Briken\u00ebs, raportin e saj me Maton dhe mb\u00ebshtetjen e pakusht\u00ebzuar t\u00eb familjes p\u00ebr \u00e7do vendim t\u00eb vajz\u00ebs s\u00eb tyre.<\/p><div id=\"evind-1073091389\" class=\"evind-aft-img-1 evind-entity-placement\"><div id=\"div-gpt-ad-1767907274482-0\" style=\"min-width:300px;min-height:250px;\"><\/div><\/div>\n<p>M\u00eb tej ajo shprehu respektin q\u00eb ka p\u00ebr Mateon.<\/p>\n<p>\u201cJemi t\u00eb k\u00ebnaqur me Briken\u00ebn. I urojm\u00eb suksese. E nj\u00ebjta Briken\u00eb q\u00eb \u00ebsht\u00eb n\u00eb sht\u00ebpi, \u00ebsht\u00eb edhe k\u00ebtu. Duhan i thash\u00eb mos t\u00eb pij\u00eb shum\u00eb. Kemi qen\u00eb dakord p\u00ebr t\u00eb hyr\u00eb n\u00eb BBV. \u00cbsht\u00eb nj\u00eb vajz\u00eb inteligjente. Mateo \u00ebsht\u00eb shum\u00eb djal\u00eb i mir\u00eb, kam respekt. I urojm\u00eb shum\u00eb suksese. Nga ana jon\u00eb nuk ka asgj\u00eb. Jemi me Briken\u00ebn, \u00e7far\u00eb t\u00eb vendos\u00eb ajo, me at\u00eb jemi dhe ne. Nuk jemi kund\u00ebr kurr\u00eb gj\u00ebje. Briken\u00ebn e presim me fitore. \u00c7far\u00eb t\u00eb vendos\u00eb Brikena, ne jemi me at\u00eb\u201d, u shpreh ajo.\/ Top Channel<\/p>\n<div id=\"evind-2252425541\" class=\"evind-aft-content evind-entity-placement\"><script async src=\"https:\/\/pagead2.googlesyndication.com\/pagead\/js\/adsbygoogle.js\"\r\n     crossorigin=\"anonymous\"><\/script>\r\n<ins class=\"adsbygoogle\"\r\n     style=\"display:block; text-align:center;\"\r\n     data-ad-layout=\"in-article\"\r\n     data-ad-format=\"fluid\"\r\n     data-ad-client=\"ca-pub-9502650571429605\"\r\n     data-page-url=\"https:\/\/evindepaketle.com\"\r\n     data-ad-slot=\"5205678616\"><\/ins>\r\n<script>\r\n     (adsbygoogle = window.adsbygoogle || []).push({});\r\n<\/script><\/div>","protected":false},"excerpt":{"rendered":"<p>Pas takimit surpriz\u00eb me t\u00eb bij\u00ebn n\u00eb sht\u00ebpin\u00eb e BBV, mamaja e Briken\u00ebs ka dh\u00ebn\u00eb nj\u00eb intervist\u00eb ekskluzive p\u00ebr \u201cFan Club\u201d. Ajo ka folur p\u00ebr rrug\u00ebtimin e Briken\u00ebs, raportin e saj me Maton dhe mb\u00ebshtetjen e pakusht\u00ebzuar t\u00eb familjes p\u00ebr \u00e7do vendim t\u00eb vajz\u00ebs s\u00eb tyre. M\u00eb tej ajo shprehu respektin q\u00eb ka p\u00ebr Mateon. [&hellip;]<\/p>\n","protected":false},"author":1,"featured_media":36435,"comment_status":"open","ping_status":"closed","sticky":false,"template":"","format":"standard","meta":{"jnews-multi-image_gallery":[],"jnews_single_post":[],"jnews_primary_category":[],"jnews_social_meta":[],"jnews_review":[],"enable_review":"","type":"","name":"","summary":"","brand":"","sku":"","good":[],"bad":[],"score_override":"","override_value":"","rating":[],"price":[],"jnews_override_counter":[],"jnews_post_split":[],"footnotes":""},"categories":[44],"tags":[],"class_list":["post-36433","post","type-post","status-publish","format-standard","has-post-thumbnail","hentry","category-tvshow"],"_links":{"self":[{"href":"https:\/\/evindepaketle.com\/wp\/wp-json\/wp\/v2\/posts\/36433","targetHints":{"allow":["GET"]}}],"collection":[{"href":"https:\/\/evindepaketle.com\/wp\/wp-json\/wp\/v2\/posts"}],"about":[{"href":"https:\/\/evindepaketle.com\/wp\/wp-json\/wp\/v2\/types\/post"}],"author":[{"embeddable":true,"href":"https:\/\/evindepaketle.com\/wp\/wp-json\/wp\/v2\/users\/1"}],"replies":[{"embeddable":true,"href":"https:\/\/evindepaketle.com\/wp\/wp-json\/wp\/v2\/comments?post=36433"}],"version-history":[{"count":1,"href":"https:\/\/evindepaketle.com\/wp\/wp-json\/wp\/v2\/posts\/36433\/revisions"}],"predecessor-version":[{"id":36434,"href":"https:\/\/evindepaketle.com\/wp\/wp-json\/wp\/v2\/posts\/36433\/revisions\/36434"}],"wp:featuredmedia":[{"embeddable":true,"href":"https:\/\/evindepaketle.com\/wp\/wp-json\/wp\/v2\/media\/36435"}],"wp:attachment":[{"href":"https:\/\/evindepaketle.com\/wp\/wp-json\/wp\/v2\/media?parent=36433"}],"wp:term":[{"taxonomy":"category","embeddable":true,"href":"https:\/\/evindepaketle.com\/wp\/wp-json\/wp\/v2\/categories?post=36433"},{"taxonomy":"post_tag","embeddable":true,"href":"https:\/\/evindepaketle.com\/wp\/wp-json\/wp\/v2\/tags?post=36433"}],"curies":[{"name":"wp","href":"https:\/\/api.w.org\/{rel}","templated":true}]}}