{"id":36370,"date":"2026-01-24T10:57:58","date_gmt":"2026-01-24T10:57:58","guid":{"rendered":"https:\/\/evindepaketle.com\/wp\/?p=36370"},"modified":"2026-01-24T10:57:59","modified_gmt":"2026-01-24T10:57:59","slug":"shoferi-i-dehur-perplasi-makinen-me-nje-peme-humb-jeten-pasagjeri-21-vjecar-arrestohet-i-riu","status":"publish","type":"post","link":"https:\/\/evindepaketle.com\/wp\/shoferi-i-dehur-perplasi-makinen-me-nje-peme-humb-jeten-pasagjeri-21-vjecar-arrestohet-i-riu\/","title":{"rendered":"Shoferi i dehur p\u00ebrplasi makin\u00ebn me nj\u00eb pem\u00eb, humb jet\u00ebn pasagjeri 21-vje\u00e7ar! Arrestohet i riu&#8230;"},"content":{"rendered":"<div id=\"evind-2359335470\" class=\"evind-bf-imag-1 evind-entity-placement\"><div id=\"div-gpt-ad-1767907234185-0\" style=\"min-width:300px;min-height:250px;\"><\/div><\/div><p>Nj\u00eb aksident ka ndodhur n\u00eb or\u00ebt e para t\u00eb m\u00ebngjesit t\u00eb sot\u00ebm n\u00eb qytetin e Elbasanit, i cili i ka marr\u00eb jet\u00ebn nj\u00eb t\u00eb riu.<\/p>\n<p>Sipas policis\u00eb, \u00ebsht\u00eb arrestuar shtetasi me iniciale R. R., 26 vje\u00e7, banues n\u00eb Elbasan, pasi n\u00eb rrug\u00ebn \u201cJanaq Kilica\u201d, automjeti q\u00eb ai drejtonte, n\u00eb gjendje t\u00eb dehur, ka dal\u00eb nga rruga dhe \u00ebsht\u00eb p\u00ebrplasur me nj\u00eb pem\u00eb an\u00ebsore.<\/p><div id=\"evind-3783920857\" class=\"evind-aft-img-1 evind-entity-placement\"><div id=\"div-gpt-ad-1767907274482-0\" style=\"min-width:300px;min-height:250px;\"><\/div><\/div>\n<p>Si pasoj\u00eb e p\u00ebrplasjes, ka humbur jet\u00ebn pasagjeri Nehat Uru\u00e7i, 21 vje\u00e7, banues n\u00eb Elbasan.<\/p>\n<p>Nd\u00ebrkoh\u00eb, drejtuesi i mjetit ndodhet jasht\u00eb rrezikut p\u00ebr jet\u00ebn dhe \u00ebsht\u00eb shoq\u00ebruar nga policia.<\/p>\n<p>Drejtoria Vendore e Policis\u00eb Elbasan<\/p>\n<p>Specialist\u00ebt e Qarkullimit Rrugor arrestuan n\u00eb flagranc\u00eb shtetasin R. R., 26 vje\u00e7, banues n\u00eb Elbasan, pasi m\u00ebngjesin e sot\u00ebm, n\u00eb rrug\u00ebn \u201cJanaq Kilica\u201d, automjeti q\u00eb ai drejtonte, n\u00eb gjendje t\u00eb dehur, ka dal\u00eb nga rruga dhe \u00ebsht\u00eb p\u00ebrplasur me nj\u00eb pem\u00eb an\u00ebsore.<\/p>\n<p>Si pasoj\u00eb e aksidentit, ka humbur jet\u00ebn pasagjeri n\u00eb k\u00ebt\u00eb automjet, shtetasi N. U., 21 vje\u00e7, banues n\u00eb Elbasan, nd\u00ebrsa drejtuesi i mjetit ndodhet jasht\u00eb rrezikut p\u00ebr jet\u00ebn.<\/p>\n<div id=\"evind-108201231\" class=\"evind-aft-content evind-entity-placement\"><script async src=\"https:\/\/pagead2.googlesyndication.com\/pagead\/js\/adsbygoogle.js\"\r\n     crossorigin=\"anonymous\"><\/script>\r\n<ins class=\"adsbygoogle\"\r\n     style=\"display:block; text-align:center;\"\r\n     data-ad-layout=\"in-article\"\r\n     data-ad-format=\"fluid\"\r\n     data-ad-client=\"ca-pub-9502650571429605\"\r\n     data-page-url=\"https:\/\/evindepaketle.com\"\r\n     data-ad-slot=\"5205678616\"><\/ins>\r\n<script>\r\n     (adsbygoogle = window.adsbygoogle || []).push({});\r\n<\/script><\/div>","protected":false},"excerpt":{"rendered":"<p>Nj\u00eb aksident ka ndodhur n\u00eb or\u00ebt e para t\u00eb m\u00ebngjesit t\u00eb sot\u00ebm n\u00eb qytetin e Elbasanit, i cili i ka marr\u00eb jet\u00ebn nj\u00eb t\u00eb riu. Sipas policis\u00eb, \u00ebsht\u00eb arrestuar shtetasi me iniciale R. R., 26 vje\u00e7, banues n\u00eb Elbasan, pasi n\u00eb rrug\u00ebn \u201cJanaq Kilica\u201d, automjeti q\u00eb ai drejtonte, n\u00eb gjendje t\u00eb dehur, ka dal\u00eb nga [&hellip;]<\/p>\n","protected":false},"author":1,"featured_media":36372,"comment_status":"open","ping_status":"closed","sticky":false,"template":"","format":"standard","meta":{"jnews-multi-image_gallery":[],"jnews_single_post":[],"jnews_primary_category":[],"jnews_social_meta":[],"jnews_review":[],"enable_review":"","type":"","name":"","summary":"","brand":"","sku":"","good":[],"bad":[],"score_override":"","override_value":"","rating":[],"price":[],"jnews_override_counter":[],"jnews_post_split":[],"footnotes":""},"categories":[44],"tags":[],"class_list":["post-36370","post","type-post","status-publish","format-standard","has-post-thumbnail","hentry","category-tvshow"],"_links":{"self":[{"href":"https:\/\/evindepaketle.com\/wp\/wp-json\/wp\/v2\/posts\/36370","targetHints":{"allow":["GET"]}}],"collection":[{"href":"https:\/\/evindepaketle.com\/wp\/wp-json\/wp\/v2\/posts"}],"about":[{"href":"https:\/\/evindepaketle.com\/wp\/wp-json\/wp\/v2\/types\/post"}],"author":[{"embeddable":true,"href":"https:\/\/evindepaketle.com\/wp\/wp-json\/wp\/v2\/users\/1"}],"replies":[{"embeddable":true,"href":"https:\/\/evindepaketle.com\/wp\/wp-json\/wp\/v2\/comments?post=36370"}],"version-history":[{"count":1,"href":"https:\/\/evindepaketle.com\/wp\/wp-json\/wp\/v2\/posts\/36370\/revisions"}],"predecessor-version":[{"id":36371,"href":"https:\/\/evindepaketle.com\/wp\/wp-json\/wp\/v2\/posts\/36370\/revisions\/36371"}],"wp:featuredmedia":[{"embeddable":true,"href":"https:\/\/evindepaketle.com\/wp\/wp-json\/wp\/v2\/media\/36372"}],"wp:attachment":[{"href":"https:\/\/evindepaketle.com\/wp\/wp-json\/wp\/v2\/media?parent=36370"}],"wp:term":[{"taxonomy":"category","embeddable":true,"href":"https:\/\/evindepaketle.com\/wp\/wp-json\/wp\/v2\/categories?post=36370"},{"taxonomy":"post_tag","embeddable":true,"href":"https:\/\/evindepaketle.com\/wp\/wp-json\/wp\/v2\/tags?post=36370"}],"curies":[{"name":"wp","href":"https:\/\/api.w.org\/{rel}","templated":true}]}}