{"id":36352,"date":"2026-01-23T19:38:08","date_gmt":"2026-01-23T19:38:08","guid":{"rendered":"https:\/\/evindepaketle.com\/wp\/?p=36352"},"modified":"2026-01-23T19:38:09","modified_gmt":"2026-01-23T19:38:09","slug":"mateo-ka-qene-i-lidhur-me-krusiten-olta-sheta-elbasani-eshte-i-vogel-do-dale","status":"publish","type":"post","link":"https:\/\/evindepaketle.com\/wp\/mateo-ka-qene-i-lidhur-me-krusiten-olta-sheta-elbasani-eshte-i-vogel-do-dale\/","title":{"rendered":"Mateo ka qen\u00eb i lidhur me Krusit\u00ebn? Olta Sheta: Elbasani \u00ebsht\u00eb i vog\u00ebl, do dal\u00eb \u2026"},"content":{"rendered":"<div id=\"evind-3028517912\" class=\"evind-bf-imag-1 evind-entity-placement\"><div id=\"div-gpt-ad-1767907234185-0\" style=\"min-width:300px;min-height:250px;\"><\/div><\/div><p>Kur k\u00ebng\u00ebtarja e njohur, Krusita u b\u00eb pjes\u00eb e sht\u00ebpis\u00eb m\u00eb t\u00eb famshme n\u00eb Shqip\u00ebri, \u201cBig Brother VIP 5\u201d, u shpreh se e njeh shum\u00eb mir\u00eb Mateon.<\/p>\n<p>Ky i fundit nuk e tha i pari k\u00ebt\u00eb si dhe pati nj\u00eb lloj stepje.<\/p><div id=\"evind-2856101421\" class=\"evind-aft-img-1 evind-entity-placement\"><div id=\"div-gpt-ad-1767907274482-0\" style=\"min-width:300px;min-height:250px;\"><\/div><\/div>\n<p>Raporti i tyre \u00ebsht\u00eb komentuar dit\u00ebn e sotme nga Olta Sheta, teksa ishte e ftuar n\u00eb \u201cLive From Tirana\u201d me Ronaldo Shark\u00ebn. Ajo foli edhe rreth ngjarjeve t\u00eb ndodhura n\u00eb BBV si dhe rreth banor\u00ebve t\u00eb tjer\u00eb.<\/p>\n<p>\u201cAta t\u00eb dy jan\u00eb nga Elbasani. Elbasani i vog\u00ebl \u00ebsht\u00eb njihen me nj\u00ebri-tjetrin. Po njihemi n\u00eb Tiran\u00eb, q\u00eb themi se Tirana \u00ebsht\u00eb e madhe. Mund t\u00eb aludojm\u00eb q\u00eb kan\u00eb pasur di\u00e7ka, edhe kjo mund t\u00eb jet\u00eb. Nuk ka asgj\u00eb t\u00eb keqe. Shum\u00eb interesante, por do dal\u00eb surpriz\u00eb\u201d, tha Olta Sheta, e cila m\u00eb pas shtoi:<\/p>\n<p>\u201cN\u00ebse ata mund t\u00eb ken\u00eb pasur ndonj\u00eb gj\u00eb, mund t\u00eb ken\u00eb qen\u00eb t\u00eb lidhur m\u00eb par\u00eb, nuk do doja t\u00eb b\u00ebheshin si ky trek\u00ebnd\u00ebshi Ina-Stelina-Keijsi. Mateo \u00ebsht\u00eb shum\u00eb i mir\u00eb, shum\u00eb pozitiv, shum\u00eb djal\u00eb me sed\u00ebr\u201d.<\/p>\n<div id=\"evind-1946319397\" class=\"evind-aft-content evind-entity-placement\"><script async src=\"https:\/\/pagead2.googlesyndication.com\/pagead\/js\/adsbygoogle.js\"\r\n     crossorigin=\"anonymous\"><\/script>\r\n<ins class=\"adsbygoogle\"\r\n     style=\"display:block; text-align:center;\"\r\n     data-ad-layout=\"in-article\"\r\n     data-ad-format=\"fluid\"\r\n     data-ad-client=\"ca-pub-9502650571429605\"\r\n     data-page-url=\"https:\/\/evindepaketle.com\"\r\n     data-ad-slot=\"5205678616\"><\/ins>\r\n<script>\r\n     (adsbygoogle = window.adsbygoogle || []).push({});\r\n<\/script><\/div>","protected":false},"excerpt":{"rendered":"<p>Kur k\u00ebng\u00ebtarja e njohur, Krusita u b\u00eb pjes\u00eb e sht\u00ebpis\u00eb m\u00eb t\u00eb famshme n\u00eb Shqip\u00ebri, \u201cBig Brother VIP 5\u201d, u shpreh se e njeh shum\u00eb mir\u00eb Mateon. Ky i fundit nuk e tha i pari k\u00ebt\u00eb si dhe pati nj\u00eb lloj stepje. Raporti i tyre \u00ebsht\u00eb komentuar dit\u00ebn e sotme nga Olta Sheta, teksa ishte [&hellip;]<\/p>\n","protected":false},"author":1,"featured_media":36354,"comment_status":"open","ping_status":"closed","sticky":false,"template":"","format":"standard","meta":{"jnews-multi-image_gallery":[],"jnews_single_post":[],"jnews_primary_category":[],"jnews_social_meta":[],"jnews_review":[],"enable_review":"","type":"","name":"","summary":"","brand":"","sku":"","good":[],"bad":[],"score_override":"","override_value":"","rating":[],"price":[],"jnews_override_counter":[],"jnews_post_split":[],"footnotes":""},"categories":[44],"tags":[],"class_list":["post-36352","post","type-post","status-publish","format-standard","has-post-thumbnail","hentry","category-tvshow"],"_links":{"self":[{"href":"https:\/\/evindepaketle.com\/wp\/wp-json\/wp\/v2\/posts\/36352","targetHints":{"allow":["GET"]}}],"collection":[{"href":"https:\/\/evindepaketle.com\/wp\/wp-json\/wp\/v2\/posts"}],"about":[{"href":"https:\/\/evindepaketle.com\/wp\/wp-json\/wp\/v2\/types\/post"}],"author":[{"embeddable":true,"href":"https:\/\/evindepaketle.com\/wp\/wp-json\/wp\/v2\/users\/1"}],"replies":[{"embeddable":true,"href":"https:\/\/evindepaketle.com\/wp\/wp-json\/wp\/v2\/comments?post=36352"}],"version-history":[{"count":1,"href":"https:\/\/evindepaketle.com\/wp\/wp-json\/wp\/v2\/posts\/36352\/revisions"}],"predecessor-version":[{"id":36353,"href":"https:\/\/evindepaketle.com\/wp\/wp-json\/wp\/v2\/posts\/36352\/revisions\/36353"}],"wp:featuredmedia":[{"embeddable":true,"href":"https:\/\/evindepaketle.com\/wp\/wp-json\/wp\/v2\/media\/36354"}],"wp:attachment":[{"href":"https:\/\/evindepaketle.com\/wp\/wp-json\/wp\/v2\/media?parent=36352"}],"wp:term":[{"taxonomy":"category","embeddable":true,"href":"https:\/\/evindepaketle.com\/wp\/wp-json\/wp\/v2\/categories?post=36352"},{"taxonomy":"post_tag","embeddable":true,"href":"https:\/\/evindepaketle.com\/wp\/wp-json\/wp\/v2\/tags?post=36352"}],"curies":[{"name":"wp","href":"https:\/\/api.w.org\/{rel}","templated":true}]}}