{"id":36319,"date":"2026-01-22T20:11:18","date_gmt":"2026-01-22T20:11:18","guid":{"rendered":"https:\/\/evindepaketle.com\/wp\/?p=36319"},"modified":"2026-01-22T20:11:19","modified_gmt":"2026-01-22T20:11:19","slug":"te-qa-robt-nuk-permbahet-keijsi-ofendon-rende-stelinen-reagojne-menjehere-familjaret","status":"publish","type":"post","link":"https:\/\/evindepaketle.com\/wp\/te-qa-robt-nuk-permbahet-keijsi-ofendon-rende-stelinen-reagojne-menjehere-familjaret\/","title":{"rendered":"\u201cT\u00eb q***a robt\u201d\/ Nuk p\u00ebrmbahet, Keijsi ofendon r\u00ebnd\u00eb Stelin\u00ebn! Reagojn\u00eb menjehere FAMILJARET!"},"content":{"rendered":"<div id=\"evind-3993320693\" class=\"evind-bf-imag-1 evind-entity-placement\"><div id=\"div-gpt-ad-1767907234185-0\" style=\"min-width:300px;min-height:250px;\"><\/div><\/div><p>Vet\u00ebm Primen q\u00eb lam\u00eb pas, banori i BBV Keijsi Hyseni shp\u00ebtoi nj\u00eb nominimi ku u b\u00eb pjes\u00eb nga zarfi i zi i mb\u00ebrritur n\u00eb sht\u00ebpi, p\u00ebr shkak t\u00eb gjuh\u00ebs denigruese dhe ofenduese t\u00eb p\u00ebrdorur nga ai, Ina dhe Eriku.<\/p>\n<p>E nd\u00ebrsa k\u00ebt\u00eb jav\u00eb ndodhet s\u00ebrish n\u00eb nominim, banori ka vendosur t\u00eb luaj\u00eb n\u00eb limite duke mos kontrolluar veten dhe gjuh\u00ebn e p\u00ebrdorur kundrejt banor\u00ebve t\u00eb tjer\u00eb, e konkretisht Stelin\u00ebs, ish partneres s\u00eb tij.<\/p><div id=\"evind-167574461\" class=\"evind-aft-img-1 evind-entity-placement\"><div id=\"div-gpt-ad-1767907274482-0\" style=\"min-width:300px;min-height:250px;\"><\/div><\/div>\n<p>Gjat\u00eb nj\u00eb bisede me In\u00ebn, Keijsi shihet shum\u00eb i revoltuar p\u00ebr bised\u00ebn e saj me Stelin\u00ebn, ku nuk ka kursyer ofendimet ndaj Stelin\u00ebs.<\/p>\n<p>\u201cBravo Stelina, t\u00eb q**sha robt, nuk m\u00eb plas tr*pi q\u00eb ka kamera\u201d, d\u00ebgjohet t\u00eb thot\u00eb Keijsi nd\u00ebrsa Ina p\u00ebrpiqet ta qet\u00ebsoj\u00eb.<\/p>\n<p>Sakaq, nj\u00eb reagim i prer\u00eb ka ardhur nga ana e familjar\u00ebve t\u00eb Stelin\u00ebs. N\u00eb llogarin\u00eb e saj n\u00eb Instagram, krahas videos s\u00eb postuar shkruhet:<\/p>\n<p>\u201cE kuptojm\u00eb qe eshte nje loje dhe ka dinamikat e veta, por p\u00ebr ne, me ket\u00eb, eshte kaluar \u00e7do kufi i pranueshem. PRESIM QE RREGULLAT E FORMATIT T\u00cb ZBATOHEN!\u201d<img fetchpriority=\"high\" decoding=\"async\" src=\"https:\/\/post.gazetatirana.com\/wp-content\/uploads\/2026\/01\/image-445.webp\" alt=\"\" width=\"678\" height=\"1142\" class=\"alignnone size-full wp-image-3844\" \/><\/p>\n<div id=\"evind-464636161\" class=\"evind-aft-content evind-entity-placement\"><script async src=\"https:\/\/pagead2.googlesyndication.com\/pagead\/js\/adsbygoogle.js\"\r\n     crossorigin=\"anonymous\"><\/script>\r\n<ins class=\"adsbygoogle\"\r\n     style=\"display:block; text-align:center;\"\r\n     data-ad-layout=\"in-article\"\r\n     data-ad-format=\"fluid\"\r\n     data-ad-client=\"ca-pub-9502650571429605\"\r\n     data-page-url=\"https:\/\/evindepaketle.com\"\r\n     data-ad-slot=\"5205678616\"><\/ins>\r\n<script>\r\n     (adsbygoogle = window.adsbygoogle || []).push({});\r\n<\/script><\/div>","protected":false},"excerpt":{"rendered":"<p>Vet\u00ebm Primen q\u00eb lam\u00eb pas, banori i BBV Keijsi Hyseni shp\u00ebtoi nj\u00eb nominimi ku u b\u00eb pjes\u00eb nga zarfi i zi i mb\u00ebrritur n\u00eb sht\u00ebpi, p\u00ebr shkak t\u00eb gjuh\u00ebs denigruese dhe ofenduese t\u00eb p\u00ebrdorur nga ai, Ina dhe Eriku. E nd\u00ebrsa k\u00ebt\u00eb jav\u00eb ndodhet s\u00ebrish n\u00eb nominim, banori ka vendosur t\u00eb luaj\u00eb n\u00eb limite duke [&hellip;]<\/p>\n","protected":false},"author":1,"featured_media":36321,"comment_status":"open","ping_status":"closed","sticky":false,"template":"","format":"standard","meta":{"jnews-multi-image_gallery":[],"jnews_single_post":[],"jnews_primary_category":[],"jnews_social_meta":[],"jnews_review":[],"enable_review":"","type":"","name":"","summary":"","brand":"","sku":"","good":[],"bad":[],"score_override":"","override_value":"","rating":[],"price":[],"jnews_override_counter":[],"jnews_post_split":[],"footnotes":""},"categories":[44],"tags":[],"class_list":["post-36319","post","type-post","status-publish","format-standard","has-post-thumbnail","hentry","category-tvshow"],"_links":{"self":[{"href":"https:\/\/evindepaketle.com\/wp\/wp-json\/wp\/v2\/posts\/36319","targetHints":{"allow":["GET"]}}],"collection":[{"href":"https:\/\/evindepaketle.com\/wp\/wp-json\/wp\/v2\/posts"}],"about":[{"href":"https:\/\/evindepaketle.com\/wp\/wp-json\/wp\/v2\/types\/post"}],"author":[{"embeddable":true,"href":"https:\/\/evindepaketle.com\/wp\/wp-json\/wp\/v2\/users\/1"}],"replies":[{"embeddable":true,"href":"https:\/\/evindepaketle.com\/wp\/wp-json\/wp\/v2\/comments?post=36319"}],"version-history":[{"count":1,"href":"https:\/\/evindepaketle.com\/wp\/wp-json\/wp\/v2\/posts\/36319\/revisions"}],"predecessor-version":[{"id":36320,"href":"https:\/\/evindepaketle.com\/wp\/wp-json\/wp\/v2\/posts\/36319\/revisions\/36320"}],"wp:featuredmedia":[{"embeddable":true,"href":"https:\/\/evindepaketle.com\/wp\/wp-json\/wp\/v2\/media\/36321"}],"wp:attachment":[{"href":"https:\/\/evindepaketle.com\/wp\/wp-json\/wp\/v2\/media?parent=36319"}],"wp:term":[{"taxonomy":"category","embeddable":true,"href":"https:\/\/evindepaketle.com\/wp\/wp-json\/wp\/v2\/categories?post=36319"},{"taxonomy":"post_tag","embeddable":true,"href":"https:\/\/evindepaketle.com\/wp\/wp-json\/wp\/v2\/tags?post=36319"}],"curies":[{"name":"wp","href":"https:\/\/api.w.org\/{rel}","templated":true}]}}