{"id":36316,"date":"2026-01-22T19:56:41","date_gmt":"2026-01-22T19:56:41","guid":{"rendered":"https:\/\/evindepaketle.com\/wp\/?p=36316"},"modified":"2026-01-22T19:56:41","modified_gmt":"2026-01-22T19:56:41","slug":"stuhia-ciklonare-pritet-te-preke-shqiperine-meteorologia-ben-paralajmerimin-do-te","status":"publish","type":"post","link":"https:\/\/evindepaketle.com\/wp\/stuhia-ciklonare-pritet-te-preke-shqiperine-meteorologia-ben-paralajmerimin-do-te\/","title":{"rendered":"\u201cStuhia ciklonare pritet t\u00eb prek\u00eb Shqip\u00ebrin\u00eb\u201d\/ Meteorologia b\u00ebn paralajm\u00ebrimin: Do t\u00eb\u2026"},"content":{"rendered":"<div id=\"evind-2444975649\" class=\"evind-bf-imag-1 evind-entity-placement\"><div id=\"div-gpt-ad-1767907234185-0\" style=\"min-width:300px;min-height:250px;\"><\/div><\/div><p>Shqip\u00ebria pritet t\u00eb p\u00ebrballet me nj\u00eb p\u00ebrkeq\u00ebsim t\u00eb kushteve t\u00eb motit pas dy dit\u00ebsh, si pasoj\u00eb e nj\u00eb qendre t\u00eb re ciklonare q\u00eb po fuqizohet mbi Italin\u00eb qendrore dhe q\u00eb do t\u00eb p\u00ebrfshij\u00eb gradualisht gjith\u00eb Ballkanin.<\/p>\n<p>\u201cNj\u00eb qend\u00ebr ciklonare \u00ebsht\u00eb e pozicionuar prej disa dit\u00ebsh n\u00eb Italin\u00eb jugore, kryesisht Sicili, por p\u00ebrgjith\u00ebsisht Italin\u00eb jugore. Kjo qend\u00ebr ciklonare po zvog\u00eblohet dhe zhvendoset drejt juglindjes, pra po vjen drejt jugut t\u00eb Ballkanit. Megjithat\u00eb ka nj\u00eb spostim dhe nj\u00eb dhe nj\u00eb devijim t\u00eb till\u00eb q\u00eb po i shkon Greqis\u00eb.<\/p><div id=\"evind-389749996\" class=\"evind-aft-img-1 evind-entity-placement\"><div id=\"div-gpt-ad-1767907274482-0\" style=\"min-width:300px;min-height:250px;\"><\/div><\/div>\n<p>Kjo stuhi e k\u00ebtyre dit\u00ebve nuk na prek, por nj\u00eb tjet\u00ebr stuhi ciklonare po fuqizohet me Mesdheun per\u00ebndimor. Ajo qend\u00ebr ciklonare do t\u00eb na prek\u00eb dhe neve, p\u00ebrgjith\u00ebsisht Ballkanin, duke prodhuar reshje me intensitet t\u00eb pakt\u00ebn mesatar p\u00ebr t\u00eb gjith\u00eb territorin shqiptar\u201d, tha n\u00eb \u201cDita jon\u00eb\u201d meteorologia, Tanja Porja.<\/p>\n<p>Sipas saj, aktualisht vendi ndodhet n\u00eb kushte relativisht t\u00eb q\u00ebndrueshme, me reshje t\u00eb pakta dhe lokale, nd\u00ebrsa temperaturat kan\u00eb sh\u00ebnuar rritje, duke arritur deri n\u00eb 15 grad\u00eb Celsius n\u00eb zonat jugper\u00ebndimore.<\/p>\n<p>Por kjo situat\u00eb do t\u00eb ndryshoj\u00eb n\u00eb fundjav\u00eb, kryesisht t\u00eb diel\u00ebn dhe t\u00eb h\u00ebn\u00ebn, kur sistemi ciklonar do t\u00eb sjell\u00eb reshje shiu me intensitet mesatar n\u00eb t\u00eb gjith\u00eb territorin.<\/p>\n<p>\u201cDeri t\u00eb diel\u00ebn reshjet jan\u00eb krejt t\u00eb pakta dhe t\u00eb karakterit lokal, jan\u00eb vet\u00ebm n\u00eb disa zona nd\u00ebrsa kjo qend\u00ebr ciklonare sjell nj\u00eb sistem t\u00eb fuqish\u00ebm me vran\u00ebsira p\u00ebr t\u00eb gjith\u00eb Ballkanin. N\u00eb disa zona t\u00eb Ballkanit do t\u00eb sjell\u00eb reshje shiu, n\u00eb disa zona m\u00eb n\u00eb brend\u00ebsi reshje d\u00ebbore.<\/p>\n<p>N\u00eb territorin shqiptar do t\u00eb sjell\u00eb kryesisht shi, por edhe pak d\u00ebbor\u00eb, duke qen\u00eb se temperaturat nuk \u00ebsht\u00eb se do t\u00eb luhaten shum\u00eb n\u00eb vlerat minimale. Do t\u00eb q\u00ebndrojn\u00eb rreth zeros dhe leht\u00ebsisht negative, gj\u00eb e cila reshjet i b\u00ebn q\u00eb t\u00eb jen\u00eb d\u00ebbore vet\u00ebm n\u00eb zonat e thella malore. Pjesa m\u00eb e madhe do ket\u00eb reshje shiu\u201d, shtoi ajo.<\/p>\n<div id=\"evind-602485942\" class=\"evind-aft-content evind-entity-placement\"><script async src=\"https:\/\/pagead2.googlesyndication.com\/pagead\/js\/adsbygoogle.js\"\r\n     crossorigin=\"anonymous\"><\/script>\r\n<ins class=\"adsbygoogle\"\r\n     style=\"display:block; text-align:center;\"\r\n     data-ad-layout=\"in-article\"\r\n     data-ad-format=\"fluid\"\r\n     data-ad-client=\"ca-pub-9502650571429605\"\r\n     data-page-url=\"https:\/\/evindepaketle.com\"\r\n     data-ad-slot=\"5205678616\"><\/ins>\r\n<script>\r\n     (adsbygoogle = window.adsbygoogle || []).push({});\r\n<\/script><\/div>","protected":false},"excerpt":{"rendered":"<p>Shqip\u00ebria pritet t\u00eb p\u00ebrballet me nj\u00eb p\u00ebrkeq\u00ebsim t\u00eb kushteve t\u00eb motit pas dy dit\u00ebsh, si pasoj\u00eb e nj\u00eb qendre t\u00eb re ciklonare q\u00eb po fuqizohet mbi Italin\u00eb qendrore dhe q\u00eb do t\u00eb p\u00ebrfshij\u00eb gradualisht gjith\u00eb Ballkanin. \u201cNj\u00eb qend\u00ebr ciklonare \u00ebsht\u00eb e pozicionuar prej disa dit\u00ebsh n\u00eb Italin\u00eb jugore, kryesisht Sicili, por p\u00ebrgjith\u00ebsisht Italin\u00eb jugore. Kjo [&hellip;]<\/p>\n","protected":false},"author":1,"featured_media":36318,"comment_status":"open","ping_status":"closed","sticky":false,"template":"","format":"standard","meta":{"jnews-multi-image_gallery":[],"jnews_single_post":[],"jnews_primary_category":[],"jnews_social_meta":[],"jnews_review":[],"enable_review":"","type":"","name":"","summary":"","brand":"","sku":"","good":[],"bad":[],"score_override":"","override_value":"","rating":[],"price":[],"jnews_override_counter":[],"jnews_post_split":[],"footnotes":""},"categories":[44],"tags":[],"class_list":["post-36316","post","type-post","status-publish","format-standard","has-post-thumbnail","hentry","category-tvshow"],"_links":{"self":[{"href":"https:\/\/evindepaketle.com\/wp\/wp-json\/wp\/v2\/posts\/36316","targetHints":{"allow":["GET"]}}],"collection":[{"href":"https:\/\/evindepaketle.com\/wp\/wp-json\/wp\/v2\/posts"}],"about":[{"href":"https:\/\/evindepaketle.com\/wp\/wp-json\/wp\/v2\/types\/post"}],"author":[{"embeddable":true,"href":"https:\/\/evindepaketle.com\/wp\/wp-json\/wp\/v2\/users\/1"}],"replies":[{"embeddable":true,"href":"https:\/\/evindepaketle.com\/wp\/wp-json\/wp\/v2\/comments?post=36316"}],"version-history":[{"count":1,"href":"https:\/\/evindepaketle.com\/wp\/wp-json\/wp\/v2\/posts\/36316\/revisions"}],"predecessor-version":[{"id":36317,"href":"https:\/\/evindepaketle.com\/wp\/wp-json\/wp\/v2\/posts\/36316\/revisions\/36317"}],"wp:featuredmedia":[{"embeddable":true,"href":"https:\/\/evindepaketle.com\/wp\/wp-json\/wp\/v2\/media\/36318"}],"wp:attachment":[{"href":"https:\/\/evindepaketle.com\/wp\/wp-json\/wp\/v2\/media?parent=36316"}],"wp:term":[{"taxonomy":"category","embeddable":true,"href":"https:\/\/evindepaketle.com\/wp\/wp-json\/wp\/v2\/categories?post=36316"},{"taxonomy":"post_tag","embeddable":true,"href":"https:\/\/evindepaketle.com\/wp\/wp-json\/wp\/v2\/tags?post=36316"}],"curies":[{"name":"wp","href":"https:\/\/api.w.org\/{rel}","templated":true}]}}