{"id":35826,"date":"2026-01-15T13:10:36","date_gmt":"2026-01-15T13:10:36","guid":{"rendered":"https:\/\/evindepaketle.com\/wp\/?p=35826"},"modified":"2026-01-15T13:10:37","modified_gmt":"2026-01-15T13:10:37","slug":"stine-zbulon-arsyet-e-verteta-te-largimit-nga-big-brother-vip-albania-5","status":"publish","type":"post","link":"https:\/\/evindepaketle.com\/wp\/stine-zbulon-arsyet-e-verteta-te-largimit-nga-big-brother-vip-albania-5\/","title":{"rendered":"Stine zbulon arsyet e v\u00ebrteta t\u00eb largimit nga \u2018Big Brother VIP Albania 5\u2019"},"content":{"rendered":"<div id=\"evind-1428949042\" class=\"evind-bf-imag-1 evind-entity-placement\"><div id=\"div-gpt-ad-1767907234185-0\" style=\"min-width:300px;min-height:250px;\"><\/div><\/div><p>Stine ka ndar\u00eb mendimet e tij m\u00eb t\u00eb thella n\u00eb lidhje me largimin nga \u2018Big Brother VIP Albania 5\u2019 n\u00eb nj\u00eb intervist\u00eb t\u00eb fundit n\u00eb \u2018Big Brother Radio\u2019 me Elona Duron.<\/p>\n<p>Ai ka shpjeguar se ky vendim ishte rezultat i nj\u00eb reflektimi t\u00eb thell\u00eb personal dhe nj\u00eb nevoje p\u00ebr t\u00eb rikthyer fokusin te familja e tij.<\/p><div id=\"evind-2493809440\" class=\"evind-aft-img-1 evind-entity-placement\"><div id=\"div-gpt-ad-1767907274482-0\" style=\"min-width:300px;min-height:250px;\"><\/div><\/div>\n<p>N\u00eb Prime-in e 10 janarit, ai befasoi t\u00eb gjith\u00eb me deklarat\u00ebn se nuk ndiente m\u00eb d\u00ebshir\u00ebn p\u00ebr t\u00eb vazhduar loj\u00ebn.<\/p>\n<p>Stine theksoi se motivi q\u00eb e kishte shtyr\u00eb t\u00eb hynte n\u00eb sht\u00ebpi kishte humbur, duke e b\u00ebr\u00eb at\u00eb t\u00eb ndjehej si \u201cn\u00eb vendin e gabuar\u201d.<\/p>\n<p>Kjo situat\u00eb e detyroi at\u00eb t\u00eb merrte nj\u00eb vendim t\u00eb r\u00ebnd\u00ebsish\u00ebm p\u00ebr jet\u00ebn e tij.<\/p>\n<p>\u201cHyra p\u00ebr t\u00eb luajtur, por kur d\u00ebshira p\u00ebr loj\u00ebn ik\u00ebn, gjith\u00e7ka humbet kuptimin.<\/p>\n<p>U p\u00ebrpoqa t\u00eb ambientohesha, por nuk funksionoi,\u201d shpjegoi ai.<\/p>\n<p>Stine theksoi se ky vendim ishte i tij dhe nuk kishte lidhje me ask\u00ebnd tjet\u00ebr, duke e b\u00ebr\u00eb at\u00eb t\u00eb ndihej i qet\u00eb me zgjedhjen e tij.<\/p>\n<p>Pas largimit, ai zgjodhi t\u00eb mos jepte intervista, por n\u00eb bised\u00ebn p\u00ebr \u2018Big Brother Radio\u2019 ai zbuloi dimensionin emocional t\u00eb k\u00ebtij vendimi.<\/p>\n<p>Ai theksoi se familja ka qen\u00eb gjithmon\u00eb prioriteti kryesor p\u00ebr t\u00eb, duke e b\u00ebr\u00eb at\u00eb t\u00eb reflektoj\u00eb mbi vlerat e tij personale.<\/p>\n<p>\u201cMendoj se kam b\u00ebr\u00eb zgjedhjen e duhur. Familja \u00ebsht\u00eb mbi gjith\u00e7ka,\u201d tha ai, duke n\u00ebnvizuar se vendimet e tij jan\u00eb t\u00eb menduara me qet\u00ebsi dhe pas nj\u00eb reflektimi t\u00eb thell\u00eb.<\/p>\n<p>Kjo tregon se ai ka nj\u00eb lidhje t\u00eb fort\u00eb me ata q\u00eb i duhen m\u00eb shum\u00eb.<\/p>\n<p>Stine gjithashtu theksoi se nuk ka asnj\u00eb keqkuptim me produksionin apo me banor\u00ebt e tjer\u00eb.<\/p>\n<p>Largimi i tij ishte nj\u00eb nevoj\u00eb personale p\u00ebr t\u00eb respektuar veten dhe ndjenjat e tij, nj\u00eb vendim q\u00eb tregon pjekurin\u00eb e tij emocionale.<\/p>\n<p>\u201cN\u00eb fund t\u00eb dit\u00ebs jemi njer\u00ebz, b\u00ebjm\u00eb zgjedhje dhe ndonj\u00ebher\u00eb edhe gabime.<\/p>\n<p>E r\u00ebnd\u00ebsishme \u00ebsht\u00eb t\u00eb jesh n\u00eb paqe me veten,\u201d p\u00ebrfundoi ai, duke e b\u00ebr\u00eb t\u00eb qart\u00eb se ky vendim ishte nj\u00eb hap i nevojsh\u00ebm p\u00ebr t\u00eb rikthyer ekuilibrin n\u00eb jet\u00ebn e tij.<\/p>\n<p>Me k\u00ebt\u00eb vendim, Stine ka treguar se ndonj\u00ebher\u00eb \u00ebsht\u00eb m\u00eb e r\u00ebnd\u00ebsishme t\u00eb d\u00ebgjosh z\u00ebrin e brendsh\u00ebm sesa t\u00eb ndjek\u00ebsh nj\u00eb rrug\u00eb t\u00eb caktuar.<\/p>\n<p>Kjo \u00ebsht\u00eb nj\u00eb m\u00ebsim p\u00ebr t\u00eb gjith\u00eb ne, q\u00eb ndonj\u00ebher\u00eb duhet t\u00eb vendosim p\u00ebr veten dhe ata q\u00eb duam m\u00eb shum\u00eb.<\/p>\n<div id=\"evind-3103341705\" class=\"evind-aft-content evind-entity-placement\"><script async src=\"https:\/\/pagead2.googlesyndication.com\/pagead\/js\/adsbygoogle.js\"\r\n     crossorigin=\"anonymous\"><\/script>\r\n<ins class=\"adsbygoogle\"\r\n     style=\"display:block; text-align:center;\"\r\n     data-ad-layout=\"in-article\"\r\n     data-ad-format=\"fluid\"\r\n     data-ad-client=\"ca-pub-9502650571429605\"\r\n     data-page-url=\"https:\/\/evindepaketle.com\"\r\n     data-ad-slot=\"5205678616\"><\/ins>\r\n<script>\r\n     (adsbygoogle = window.adsbygoogle || []).push({});\r\n<\/script><\/div>","protected":false},"excerpt":{"rendered":"<p>Stine ka ndar\u00eb mendimet e tij m\u00eb t\u00eb thella n\u00eb lidhje me largimin nga \u2018Big Brother VIP Albania 5\u2019 n\u00eb nj\u00eb intervist\u00eb t\u00eb fundit n\u00eb \u2018Big Brother Radio\u2019 me Elona Duron. Ai ka shpjeguar se ky vendim ishte rezultat i nj\u00eb reflektimi t\u00eb thell\u00eb personal dhe nj\u00eb nevoje p\u00ebr t\u00eb rikthyer fokusin te familja e [&hellip;]<\/p>\n","protected":false},"author":1,"featured_media":35828,"comment_status":"open","ping_status":"closed","sticky":false,"template":"","format":"standard","meta":{"jnews-multi-image_gallery":[],"jnews_single_post":[],"jnews_primary_category":[],"jnews_social_meta":[],"jnews_review":[],"enable_review":"","type":"","name":"","summary":"","brand":"","sku":"","good":[],"bad":[],"score_override":"","override_value":"","rating":[],"price":[],"jnews_override_counter":[],"jnews_post_split":[],"footnotes":""},"categories":[44],"tags":[],"class_list":["post-35826","post","type-post","status-publish","format-standard","has-post-thumbnail","hentry","category-tvshow"],"_links":{"self":[{"href":"https:\/\/evindepaketle.com\/wp\/wp-json\/wp\/v2\/posts\/35826","targetHints":{"allow":["GET"]}}],"collection":[{"href":"https:\/\/evindepaketle.com\/wp\/wp-json\/wp\/v2\/posts"}],"about":[{"href":"https:\/\/evindepaketle.com\/wp\/wp-json\/wp\/v2\/types\/post"}],"author":[{"embeddable":true,"href":"https:\/\/evindepaketle.com\/wp\/wp-json\/wp\/v2\/users\/1"}],"replies":[{"embeddable":true,"href":"https:\/\/evindepaketle.com\/wp\/wp-json\/wp\/v2\/comments?post=35826"}],"version-history":[{"count":1,"href":"https:\/\/evindepaketle.com\/wp\/wp-json\/wp\/v2\/posts\/35826\/revisions"}],"predecessor-version":[{"id":35827,"href":"https:\/\/evindepaketle.com\/wp\/wp-json\/wp\/v2\/posts\/35826\/revisions\/35827"}],"wp:featuredmedia":[{"embeddable":true,"href":"https:\/\/evindepaketle.com\/wp\/wp-json\/wp\/v2\/media\/35828"}],"wp:attachment":[{"href":"https:\/\/evindepaketle.com\/wp\/wp-json\/wp\/v2\/media?parent=35826"}],"wp:term":[{"taxonomy":"category","embeddable":true,"href":"https:\/\/evindepaketle.com\/wp\/wp-json\/wp\/v2\/categories?post=35826"},{"taxonomy":"post_tag","embeddable":true,"href":"https:\/\/evindepaketle.com\/wp\/wp-json\/wp\/v2\/tags?post=35826"}],"curies":[{"name":"wp","href":"https:\/\/api.w.org\/{rel}","templated":true}]}}