{"id":35391,"date":"2026-01-09T13:21:46","date_gmt":"2026-01-09T13:21:46","guid":{"rendered":"https:\/\/evindepaketle.com\/wp\/?p=35391"},"modified":"2026-01-09T13:21:47","modified_gmt":"2026-01-09T13:21:47","slug":"kunatat-jane-si-motra-reagimi-epik-i-monika-kryemadhit-avash-mo-avash-une-me-motren-e-ilirit","status":"publish","type":"post","link":"https:\/\/evindepaketle.com\/wp\/kunatat-jane-si-motra-reagimi-epik-i-monika-kryemadhit-avash-mo-avash-une-me-motren-e-ilirit\/","title":{"rendered":"Kunatat jan\u00eb si motra? Reagimi epik i Monika Kryemadhit: Avash mo avash, un\u00eb me motr\u00ebn e Ilirit\u2026."},"content":{"rendered":"<div id=\"evind-958208566\" class=\"evind-bf-imag-1 evind-entity-placement\"><div id=\"div-gpt-ad-1767907234185-0\" style=\"min-width:300px;min-height:250px;\"><\/div><\/div><p>Raporti i Selin me Gret\u00ebn, si dy kunata n\u00eb perspektive pasi kjo e fundit ka nj\u00eb lidhje me v\u00ebllan\u00eb e Selin, u komentua k\u00ebt\u00eb mbr\u00ebmje n\u00eb studio.<\/p>\n<p>A jan\u00eb sjell\u00eb ato si aleate apo kund\u00ebrshtare?<\/p><div id=\"evind-1524590207\" class=\"evind-aft-img-1 evind-entity-placement\"><div id=\"div-gpt-ad-1767907274482-0\" style=\"min-width:300px;min-height:250px;\"><\/div><\/div>\n<p>Ledioni u shpreh se n\u00eb k\u00ebndv\u00ebshtrimin e tij, dy kunata jan\u00eb si motra, nd\u00ebrsa menj\u00ebher\u00eb reagoi Monika Kryemadhi.<\/p>\n<p>Duke buz\u00ebqeshur ajo tha: Avash mo avash\u2026 kunata jan\u00eb, ndaj i thon\u00eb kunat\u00eb dhe jo kudit\u00eb.<\/p>\n<p>Un\u00eb p\u00ebr shembull me motr\u00ebn e Ilirit kam folur pasi linda f\u00ebmij\u00ebn e par\u00eb kurse me nusen e v\u00ebllait tim kam folur ia kam marr\u00eb shpirtin.<\/p>\n<div id=\"evind-1595525883\" class=\"evind-aft-content evind-entity-placement\"><script async src=\"https:\/\/pagead2.googlesyndication.com\/pagead\/js\/adsbygoogle.js\"\r\n     crossorigin=\"anonymous\"><\/script>\r\n<ins class=\"adsbygoogle\"\r\n     style=\"display:block; text-align:center;\"\r\n     data-ad-layout=\"in-article\"\r\n     data-ad-format=\"fluid\"\r\n     data-ad-client=\"ca-pub-9502650571429605\"\r\n     data-page-url=\"https:\/\/evindepaketle.com\"\r\n     data-ad-slot=\"5205678616\"><\/ins>\r\n<script>\r\n     (adsbygoogle = window.adsbygoogle || []).push({});\r\n<\/script><\/div>","protected":false},"excerpt":{"rendered":"<p>Raporti i Selin me Gret\u00ebn, si dy kunata n\u00eb perspektive pasi kjo e fundit ka nj\u00eb lidhje me v\u00ebllan\u00eb e Selin, u komentua k\u00ebt\u00eb mbr\u00ebmje n\u00eb studio. A jan\u00eb sjell\u00eb ato si aleate apo kund\u00ebrshtare? Ledioni u shpreh se n\u00eb k\u00ebndv\u00ebshtrimin e tij, dy kunata jan\u00eb si motra, nd\u00ebrsa menj\u00ebher\u00eb reagoi Monika Kryemadhi. Duke buz\u00ebqeshur [&hellip;]<\/p>\n","protected":false},"author":1,"featured_media":35393,"comment_status":"open","ping_status":"closed","sticky":false,"template":"","format":"standard","meta":{"jnews-multi-image_gallery":[],"jnews_single_post":[],"jnews_primary_category":[],"jnews_social_meta":[],"jnews_review":[],"enable_review":"","type":"","name":"","summary":"","brand":"","sku":"","good":[],"bad":[],"score_override":"","override_value":"","rating":[],"price":[],"jnews_override_counter":[],"jnews_post_split":[],"footnotes":""},"categories":[44],"tags":[],"class_list":["post-35391","post","type-post","status-publish","format-standard","has-post-thumbnail","hentry","category-tvshow"],"_links":{"self":[{"href":"https:\/\/evindepaketle.com\/wp\/wp-json\/wp\/v2\/posts\/35391","targetHints":{"allow":["GET"]}}],"collection":[{"href":"https:\/\/evindepaketle.com\/wp\/wp-json\/wp\/v2\/posts"}],"about":[{"href":"https:\/\/evindepaketle.com\/wp\/wp-json\/wp\/v2\/types\/post"}],"author":[{"embeddable":true,"href":"https:\/\/evindepaketle.com\/wp\/wp-json\/wp\/v2\/users\/1"}],"replies":[{"embeddable":true,"href":"https:\/\/evindepaketle.com\/wp\/wp-json\/wp\/v2\/comments?post=35391"}],"version-history":[{"count":1,"href":"https:\/\/evindepaketle.com\/wp\/wp-json\/wp\/v2\/posts\/35391\/revisions"}],"predecessor-version":[{"id":35392,"href":"https:\/\/evindepaketle.com\/wp\/wp-json\/wp\/v2\/posts\/35391\/revisions\/35392"}],"wp:featuredmedia":[{"embeddable":true,"href":"https:\/\/evindepaketle.com\/wp\/wp-json\/wp\/v2\/media\/35393"}],"wp:attachment":[{"href":"https:\/\/evindepaketle.com\/wp\/wp-json\/wp\/v2\/media?parent=35391"}],"wp:term":[{"taxonomy":"category","embeddable":true,"href":"https:\/\/evindepaketle.com\/wp\/wp-json\/wp\/v2\/categories?post=35391"},{"taxonomy":"post_tag","embeddable":true,"href":"https:\/\/evindepaketle.com\/wp\/wp-json\/wp\/v2\/tags?post=35391"}],"curies":[{"name":"wp","href":"https:\/\/api.w.org\/{rel}","templated":true}]}}