{"id":35187,"date":"2026-01-07T07:42:24","date_gmt":"2026-01-07T07:42:24","guid":{"rendered":"https:\/\/evindepaketle.com\/wp\/?p=35187"},"modified":"2026-01-07T07:42:25","modified_gmt":"2026-01-07T07:42:25","slug":"familja-e-mateos-tallet-me-pergjigjen-e-brikenes-ne-bbva","status":"publish","type":"post","link":"https:\/\/evindepaketle.com\/wp\/familja-e-mateos-tallet-me-pergjigjen-e-brikenes-ne-bbva\/","title":{"rendered":"Familja e Mateos tallet me p\u00ebrgjigjen e Briken\u00ebs n\u00eb BBVA"},"content":{"rendered":"<div id=\"evind-1782165908\" class=\"evind-bf-imag-1 evind-entity-placement\"><div id=\"div-gpt-ad-1767907234185-0\" style=\"min-width:300px;min-height:250px;\"><\/div><\/div><p>Telenovela e s\u00eb shkuar\u00ebs mes Mateos dhe Briken\u00ebs vazhdon t\u00eb jet\u00eb kryefjala e diskutimeve n\u00eb \u201cBig Brother VIP Albania\u201d.<\/p>\n<p>Nd\u00ebrsa Brikena po e mohon kategorikisht \u00e7do mund\u00ebsi p\u00ebr nj\u00eb lidhje, Mateo insiston se mes tyre ka pasur nj\u00eb p\u00eblqim dypal\u00ebsh.<\/p><div id=\"evind-887229131\" class=\"evind-aft-img-1 evind-entity-placement\"><div id=\"div-gpt-ad-1767907274482-0\" style=\"min-width:300px;min-height:250px;\"><\/div><\/div>\n<p>Por, debati \u00ebsht\u00eb ndezur edhe m\u00eb shum\u00eb nga nj\u00eb veprim i familjes s\u00eb Mateos, t\u00eb cil\u00ebt menaxhojn\u00eb rrjetet e tij sociale. N\u00eb Instagramin e tij zyrtar \u00ebsht\u00eb b\u00ebr\u00eb \u201crepost\u201d nj\u00eb video ku ironizohet hapur q\u00ebndrimi i banores.<img fetchpriority=\"high\" decoding=\"async\" src=\"https:\/\/evindepaketle.com\/wp\/wp-content\/uploads\/2026\/01\/image.png\" alt=\"\" width=\"279\" height=\"489\" class=\"alignnone size-full wp-image-1947\" \/><\/p>\n<p>Familja e ka shp\u00ebrndar\u00eb videon duke l\u00ebn\u00eb t\u00eb kuptohet se Brikena \u201cndihet n\u00eb siklet derisa flet p\u00ebr k\u00ebt\u00eb raport\u201d, duke e interpretuar nervozizmin e saj si shenj\u00eb q\u00eb fsheh t\u00eb v\u00ebrtet\u00ebn.<\/p>\n<p>Ky veprim po shihet nga ndjek\u00ebsit si nj\u00eb konfirmim i t\u00ebrthort\u00eb se familja e Mateos mb\u00ebshtet versionin e tij t\u00eb historis\u00eb, duke hedhur posht\u00eb mohimet e vazhdueshme t\u00eb Briken\u00ebs.<\/p>\n<div id=\"evind-749068328\" class=\"evind-aft-content evind-entity-placement\"><script async src=\"https:\/\/pagead2.googlesyndication.com\/pagead\/js\/adsbygoogle.js\"\r\n     crossorigin=\"anonymous\"><\/script>\r\n<ins class=\"adsbygoogle\"\r\n     style=\"display:block; text-align:center;\"\r\n     data-ad-layout=\"in-article\"\r\n     data-ad-format=\"fluid\"\r\n     data-ad-client=\"ca-pub-9502650571429605\"\r\n     data-page-url=\"https:\/\/evindepaketle.com\"\r\n     data-ad-slot=\"5205678616\"><\/ins>\r\n<script>\r\n     (adsbygoogle = window.adsbygoogle || []).push({});\r\n<\/script><\/div>","protected":false},"excerpt":{"rendered":"<p>Telenovela e s\u00eb shkuar\u00ebs mes Mateos dhe Briken\u00ebs vazhdon t\u00eb jet\u00eb kryefjala e diskutimeve n\u00eb \u201cBig Brother VIP Albania\u201d. Nd\u00ebrsa Brikena po e mohon kategorikisht \u00e7do mund\u00ebsi p\u00ebr nj\u00eb lidhje, Mateo insiston se mes tyre ka pasur nj\u00eb p\u00eblqim dypal\u00ebsh. Por, debati \u00ebsht\u00eb ndezur edhe m\u00eb shum\u00eb nga nj\u00eb veprim i familjes s\u00eb Mateos, t\u00eb [&hellip;]<\/p>\n","protected":false},"author":1,"featured_media":35189,"comment_status":"open","ping_status":"closed","sticky":false,"template":"","format":"standard","meta":{"jnews-multi-image_gallery":[],"jnews_single_post":[],"jnews_primary_category":[],"jnews_social_meta":[],"jnews_review":[],"enable_review":"","type":"","name":"","summary":"","brand":"","sku":"","good":[],"bad":[],"score_override":"","override_value":"","rating":[],"price":[],"jnews_override_counter":[],"jnews_post_split":[],"footnotes":""},"categories":[44],"tags":[],"class_list":["post-35187","post","type-post","status-publish","format-standard","has-post-thumbnail","hentry","category-tvshow"],"_links":{"self":[{"href":"https:\/\/evindepaketle.com\/wp\/wp-json\/wp\/v2\/posts\/35187","targetHints":{"allow":["GET"]}}],"collection":[{"href":"https:\/\/evindepaketle.com\/wp\/wp-json\/wp\/v2\/posts"}],"about":[{"href":"https:\/\/evindepaketle.com\/wp\/wp-json\/wp\/v2\/types\/post"}],"author":[{"embeddable":true,"href":"https:\/\/evindepaketle.com\/wp\/wp-json\/wp\/v2\/users\/1"}],"replies":[{"embeddable":true,"href":"https:\/\/evindepaketle.com\/wp\/wp-json\/wp\/v2\/comments?post=35187"}],"version-history":[{"count":1,"href":"https:\/\/evindepaketle.com\/wp\/wp-json\/wp\/v2\/posts\/35187\/revisions"}],"predecessor-version":[{"id":35188,"href":"https:\/\/evindepaketle.com\/wp\/wp-json\/wp\/v2\/posts\/35187\/revisions\/35188"}],"wp:featuredmedia":[{"embeddable":true,"href":"https:\/\/evindepaketle.com\/wp\/wp-json\/wp\/v2\/media\/35189"}],"wp:attachment":[{"href":"https:\/\/evindepaketle.com\/wp\/wp-json\/wp\/v2\/media?parent=35187"}],"wp:term":[{"taxonomy":"category","embeddable":true,"href":"https:\/\/evindepaketle.com\/wp\/wp-json\/wp\/v2\/categories?post=35187"},{"taxonomy":"post_tag","embeddable":true,"href":"https:\/\/evindepaketle.com\/wp\/wp-json\/wp\/v2\/tags?post=35187"}],"curies":[{"name":"wp","href":"https:\/\/api.w.org\/{rel}","templated":true}]}}