{"id":35053,"date":"2026-01-05T08:54:45","date_gmt":"2026-01-05T08:54:45","guid":{"rendered":"https:\/\/evindepaketle.com\/wp\/?p=35053"},"modified":"2026-01-05T08:54:45","modified_gmt":"2026-01-05T08:54:45","slug":"adriatik-lapaj-dergohet-ne-spital-me-ambulance-i-ra-bombola-e-gazit-ne-koke","status":"publish","type":"post","link":"https:\/\/evindepaketle.com\/wp\/adriatik-lapaj-dergohet-ne-spital-me-ambulance-i-ra-bombola-e-gazit-ne-koke\/","title":{"rendered":"Adriatik Lapaj d\u00ebrgohet n\u00eb spital me ambulanc\u00eb, i ra bombola e gazit n\u00eb kok\u00eb"},"content":{"rendered":"<div id=\"evind-944470579\" class=\"evind-bf-imag-1 evind-entity-placement\"><div id=\"div-gpt-ad-1767907234185-0\" style=\"min-width:300px;min-height:250px;\"><\/div><\/div><p>Kreu i \u201cShqip\u00ebria B\u00ebhet\u201d, Adriatik Lapaj s\u00eb bashku me mb\u00ebshtet\u00ebsit e tij u rikthye s\u00ebrish mbr\u00ebmjen e djeshme para Kryeministris\u00eb edhe pas tensioneve t\u00eb regjistruara mesdit\u00ebn e s\u00eb diel\u00ebs, ku gjat\u00eb protest\u00ebs t\u00eb organizuar nga vet\u00eb ai u p\u00ebrplas me efektiv\u00ebt e Policis\u00eb.<\/p>\n<p>Edhe n\u00eb or\u00ebt e para t\u00eb mesnat\u00ebs Policia nd\u00ebrhyri s\u00ebrish duke u p\u00ebrplasur me kreun e Shqip\u00ebria B\u00ebhet dhe mb\u00ebshtet\u00ebsit t\u00eb tij.<\/p><div id=\"evind-2203384555\" class=\"evind-aft-img-1 evind-entity-placement\"><div id=\"div-gpt-ad-1767907274482-0\" style=\"min-width:300px;min-height:250px;\"><\/div><\/div>\n<p>Gjat\u00eb k\u00ebsaj situate raportohet se Lapajt i ka r\u00ebn\u00eb n\u00eb kok\u00eb bombola e gazit, dhe p\u00ebr k\u00ebt\u00eb arsye \u00ebsht\u00eb d\u00ebrguar n\u00eb spitalin e Traum\u00ebs p\u00ebr mjekim t\u00eb specializuar.<\/p>\n<p>\u201cI ra bombola Tikut, i ra bombola gazit, th\u00ebrrisni ambulanc\u00ebn\u201d, thon\u00eb mb\u00ebshtet\u00ebsit e tij.<iframe src=\"https:\/\/www.facebook.com\/plugins\/video.php?href=https%3A%2F%2Fwww.facebook.com%2Freel%2F879827924531279%2F&#038;show_text=0&#038;width=267\" width=\"267\" height=\"476\" style=\"border:none;overflow:hidden\" scrolling=\"no\" frameborder=\"0\" allowfullscreen=\"true\" allow=\"autoplay; clipboard-write; encrypted-media; picture-in-picture; web-share\" allowFullScreen=\"true\"><\/iframe><\/p>\n<div id=\"evind-28202369\" class=\"evind-aft-content evind-entity-placement\"><script async src=\"https:\/\/pagead2.googlesyndication.com\/pagead\/js\/adsbygoogle.js\"\r\n     crossorigin=\"anonymous\"><\/script>\r\n<ins class=\"adsbygoogle\"\r\n     style=\"display:block; text-align:center;\"\r\n     data-ad-layout=\"in-article\"\r\n     data-ad-format=\"fluid\"\r\n     data-ad-client=\"ca-pub-9502650571429605\"\r\n     data-page-url=\"https:\/\/evindepaketle.com\"\r\n     data-ad-slot=\"5205678616\"><\/ins>\r\n<script>\r\n     (adsbygoogle = window.adsbygoogle || []).push({});\r\n<\/script><\/div>","protected":false},"excerpt":{"rendered":"<p>Kreu i \u201cShqip\u00ebria B\u00ebhet\u201d, Adriatik Lapaj s\u00eb bashku me mb\u00ebshtet\u00ebsit e tij u rikthye s\u00ebrish mbr\u00ebmjen e djeshme para Kryeministris\u00eb edhe pas tensioneve t\u00eb regjistruara mesdit\u00ebn e s\u00eb diel\u00ebs, ku gjat\u00eb protest\u00ebs t\u00eb organizuar nga vet\u00eb ai u p\u00ebrplas me efektiv\u00ebt e Policis\u00eb. Edhe n\u00eb or\u00ebt e para t\u00eb mesnat\u00ebs Policia nd\u00ebrhyri s\u00ebrish duke u [&hellip;]<\/p>\n","protected":false},"author":1,"featured_media":35055,"comment_status":"open","ping_status":"closed","sticky":false,"template":"","format":"standard","meta":{"jnews-multi-image_gallery":[],"jnews_single_post":[],"jnews_primary_category":[],"jnews_social_meta":[],"jnews_review":[],"enable_review":"","type":"","name":"","summary":"","brand":"","sku":"","good":[],"bad":[],"score_override":"","override_value":"","rating":[],"price":[],"jnews_override_counter":[],"jnews_post_split":[],"footnotes":""},"categories":[44],"tags":[],"class_list":["post-35053","post","type-post","status-publish","format-standard","has-post-thumbnail","hentry","category-tvshow"],"_links":{"self":[{"href":"https:\/\/evindepaketle.com\/wp\/wp-json\/wp\/v2\/posts\/35053","targetHints":{"allow":["GET"]}}],"collection":[{"href":"https:\/\/evindepaketle.com\/wp\/wp-json\/wp\/v2\/posts"}],"about":[{"href":"https:\/\/evindepaketle.com\/wp\/wp-json\/wp\/v2\/types\/post"}],"author":[{"embeddable":true,"href":"https:\/\/evindepaketle.com\/wp\/wp-json\/wp\/v2\/users\/1"}],"replies":[{"embeddable":true,"href":"https:\/\/evindepaketle.com\/wp\/wp-json\/wp\/v2\/comments?post=35053"}],"version-history":[{"count":1,"href":"https:\/\/evindepaketle.com\/wp\/wp-json\/wp\/v2\/posts\/35053\/revisions"}],"predecessor-version":[{"id":35054,"href":"https:\/\/evindepaketle.com\/wp\/wp-json\/wp\/v2\/posts\/35053\/revisions\/35054"}],"wp:featuredmedia":[{"embeddable":true,"href":"https:\/\/evindepaketle.com\/wp\/wp-json\/wp\/v2\/media\/35055"}],"wp:attachment":[{"href":"https:\/\/evindepaketle.com\/wp\/wp-json\/wp\/v2\/media?parent=35053"}],"wp:term":[{"taxonomy":"category","embeddable":true,"href":"https:\/\/evindepaketle.com\/wp\/wp-json\/wp\/v2\/categories?post=35053"},{"taxonomy":"post_tag","embeddable":true,"href":"https:\/\/evindepaketle.com\/wp\/wp-json\/wp\/v2\/tags?post=35053"}],"curies":[{"name":"wp","href":"https:\/\/api.w.org\/{rel}","templated":true}]}}