{"id":34945,"date":"2026-01-03T15:32:49","date_gmt":"2026-01-03T15:32:49","guid":{"rendered":"https:\/\/evindepaketle.com\/wp\/?p=34945"},"modified":"2026-01-03T15:32:49","modified_gmt":"2026-01-03T15:32:49","slug":"burri-vru-gruan-dhe-me-pas-veten-ne-orikum-deshmia-e-femijeve-nenen-e-gjetem-te-lidhur","status":"publish","type":"post","link":"https:\/\/evindepaketle.com\/wp\/burri-vru-gruan-dhe-me-pas-veten-ne-orikum-deshmia-e-femijeve-nenen-e-gjetem-te-lidhur\/","title":{"rendered":"Burri vr*u gruan dhe m\u00eb pas veten n\u00eb Orikum, d\u00ebshmia e f\u00ebmij\u00ebve: N\u00ebn\u00ebn e gjet\u00ebm t\u00eb lidhur\u2026"},"content":{"rendered":"<div id=\"evind-1678059015\" class=\"evind-bf-imag-1 evind-entity-placement\"><div id=\"div-gpt-ad-1767907234185-0\" style=\"min-width:300px;min-height:250px;\"><\/div><\/div><p>Nj\u00eb ngjarje e r\u00ebnd\u00eb dhe trondit\u00ebse ka tronditur komunitetin e Orikumit dhe m\u00eb gjer\u00eb, pasi nj\u00eb grua rreth 40 vje\u00e7 u vra nga bashk\u00ebshorti i saj, i cili m\u00eb pas kreu vet\u00ebvrasje. Viktima \u00ebsht\u00eb identifikuar si Sose Xhebroj, nd\u00ebrsa autori i ngjarjes \u00ebsht\u00eb bashk\u00ebshorti i saj, Llogora Xhebroj, rreth 50-52 vje\u00e7, me t\u00eb cilin kishte dy djem t\u00eb rritur.<\/p>\n<p>Ngjarja tragjike ndodhi mesdit\u00ebn e 2 janarit 2026, n\u00eb banes\u00ebn e \u00e7iftit n\u00eb Orikum, nj\u00eb qytet i vog\u00ebl buz\u00eb Vlor\u00ebs. Rreth or\u00ebs 13:30, autoritetet mor\u00ebn njoftim nga urgjenca mjek\u00ebsore se nj\u00eb grua ishte gjetur pa shenja jete brenda sht\u00ebpis\u00eb dhe me shenja t\u00eb dukshme dhune.<\/p><div id=\"evind-619588702\" class=\"evind-aft-img-1 evind-entity-placement\"><div id=\"div-gpt-ad-1767907274482-0\" style=\"min-width:300px;min-height:250px;\"><\/div><\/div>\n<p>Sipas d\u00ebshmive t\u00eb f\u00ebmij\u00ebve t\u00eb \u00e7iftit, ata kishin p\u00ebrpjekur disa her\u00eb t\u00eb kontaktojn\u00eb n\u00ebn\u00ebn e tyre gjat\u00eb dit\u00ebs, por ajo nuk u p\u00ebrgjigjej telefonit. Pas k\u00ebsaj, dy djemt\u00eb, 16 dhe 19 vje\u00e7, vendos\u00ebn t\u00eb shkonin drejt banes\u00ebs s\u00eb prind\u00ebrve s\u00eb bashku me dy shok\u00eb. Pasi hyn\u00eb n\u00eb sht\u00ebpi, djali i madh gjeti n\u00ebn\u00ebn e tij t\u00eb shtrir\u00eb n\u00eb katin e tret\u00eb pa ndjenja dhe e gjakosur, me shenja dhune n\u00eb trup. Nga frika dhe tronditja e momentit, ai menj\u00ebher\u00eb njoftoi v\u00ebllan\u00eb tjet\u00ebr dhe shok\u00ebt e tyre. Pas k\u00ebsaj ata kontaktuan ambulanc\u00ebn e Orikumit.<\/p>\n<p>Sh\u00ebrbimet mjek\u00ebsore u njoftuan dhe mb\u00ebrrit\u00ebn shpejt n\u00eb vendngjarje, por fatkeq\u00ebsisht konfirmuan vdekjen e Sose Xhebroj. Trupi i saj u transportua drejt Spitalit Rajonal t\u00eb Vlor\u00ebs, ku mjek\u00ebt konstatuan se ajo kishte nd\u00ebrruar jet\u00eb para mb\u00ebrritjes s\u00eb tyre. \u00cbsht\u00eb konfirmuar se viktima kishte p\u00ebsuar dhun\u00eb fizike serioze para se t\u00eb humbiste jet\u00ebn.<\/p>\n<p>Nd\u00ebrkoh\u00eb q\u00eb f\u00ebmij\u00ebt dhe shok\u00ebt e tyre po p\u00ebrpiqeshin t\u00eb kuptonin se \u00e7far\u00eb kishte ndodhur, policia dhe ambulanca mor\u00ebn njoftime p\u00ebr nj\u00eb zhurm\u00eb t\u00eb m\u00ebtejshme n\u00eb garazhin e banes\u00ebs. Atje u gjet trupi i Llogora Xhebroj, i cili dyshohet se kishte kryer vet\u00ebvrasje me arm\u00eb zjarri pak pas vrasjes s\u00eb bashk\u00ebshortes s\u00eb tij. Arm\u00eb zjarri pistolet\u00eb dhe g\u00ebzhoja tip 9 mm u sekuestruan si prova materiale n\u00eb vendngjarje.<\/p>\n<p>Autoritetet vendase dhe grupet hetimore kan\u00eb nisur menj\u00ebher\u00eb hetimet p\u00ebr t\u00eb sqaruar dinamik\u00ebn e ngjarjes dhe motivet e mundshme. Paraprakisht \u00ebsht\u00eb b\u00ebr\u00eb e ditur se \u00e7ifti kishte pasur probleme t\u00eb vazhdueshme n\u00eb marr\u00ebdh\u00ebnien e tyre. Thuhet se koh\u00ebt e fundit ata ishin n\u00eb proces divorci dhe se konfliktet nd\u00ebrmjet tyre nuk ishin t\u00eb rralla, me tensione q\u00eb sipas fqinj\u00ebve kishin zgjatur koh\u00eb m\u00eb par\u00eb.<\/p>\n<p>Disa d\u00ebshmi prej fqinj\u00ebve dhe familjar\u00ebve tregojn\u00eb se para Vitit t\u00eb Ri, viktima kishte shkuar t\u00eb jetonte te e \u00ebma e saj n\u00eb Vlor\u00eb p\u00ebr shkak t\u00eb tensioneve me bashk\u00ebshortin. Megjithat\u00eb, pas insistimeve t\u00eb tij, ajo ishte rikthyer n\u00eb banes\u00eb p\u00ebr t\u00eb kaluar festat me f\u00ebmij\u00ebt dhe familjen. Fqinj\u00ebt e p\u00ebrshkruajn\u00eb \u00e7iftin si njer\u00ebz pun\u00ebtor\u00eb q\u00eb kishin nj\u00eb lokal dhe market n\u00eb zon\u00eb, por jan\u00eb tronditur nga ngjarja q\u00eb ka ndodhur.<\/p>\n<p>Rasti ka tronditur komunitetin lokal, i cili ka shprehur keqardhje t\u00eb thell\u00eb p\u00ebr humbjen e nj\u00eb gruaje dhe konfliktin q\u00eb \u00e7oi n\u00eb nj\u00eb fund kaq tragjik p\u00ebr t\u00eb dy bashk\u00ebshort\u00ebt dhe familjen e tyre. Hetimet vazhdojn\u00eb n\u00ebn drejtimin e Prokuroris\u00eb p\u00ebr t\u00eb zbuluar \u00e7do detaj t\u00eb ngjarjes dhe p\u00ebr t\u00eb p\u00ebrcaktuar n\u00ebse ka pasur edhe faktor\u00eb t\u00eb tjer\u00eb q\u00eb mund ta ken\u00eb shkaktuar k\u00ebt\u00eb tragjedi familjare.<\/p>\n<div id=\"evind-193609925\" class=\"evind-aft-content evind-entity-placement\"><script async src=\"https:\/\/pagead2.googlesyndication.com\/pagead\/js\/adsbygoogle.js\"\r\n     crossorigin=\"anonymous\"><\/script>\r\n<ins class=\"adsbygoogle\"\r\n     style=\"display:block; text-align:center;\"\r\n     data-ad-layout=\"in-article\"\r\n     data-ad-format=\"fluid\"\r\n     data-ad-client=\"ca-pub-9502650571429605\"\r\n     data-page-url=\"https:\/\/evindepaketle.com\"\r\n     data-ad-slot=\"5205678616\"><\/ins>\r\n<script>\r\n     (adsbygoogle = window.adsbygoogle || []).push({});\r\n<\/script><\/div>","protected":false},"excerpt":{"rendered":"<p>Nj\u00eb ngjarje e r\u00ebnd\u00eb dhe trondit\u00ebse ka tronditur komunitetin e Orikumit dhe m\u00eb gjer\u00eb, pasi nj\u00eb grua rreth 40 vje\u00e7 u vra nga bashk\u00ebshorti i saj, i cili m\u00eb pas kreu vet\u00ebvrasje. Viktima \u00ebsht\u00eb identifikuar si Sose Xhebroj, nd\u00ebrsa autori i ngjarjes \u00ebsht\u00eb bashk\u00ebshorti i saj, Llogora Xhebroj, rreth 50-52 vje\u00e7, me t\u00eb cilin kishte [&hellip;]<\/p>\n","protected":false},"author":1,"featured_media":34947,"comment_status":"open","ping_status":"closed","sticky":false,"template":"","format":"standard","meta":{"jnews-multi-image_gallery":[],"jnews_single_post":[],"jnews_primary_category":[],"jnews_social_meta":[],"jnews_review":[],"enable_review":"","type":"","name":"","summary":"","brand":"","sku":"","good":[],"bad":[],"score_override":"","override_value":"","rating":[],"price":[],"jnews_override_counter":[],"jnews_post_split":[],"footnotes":""},"categories":[44],"tags":[],"class_list":["post-34945","post","type-post","status-publish","format-standard","has-post-thumbnail","hentry","category-tvshow"],"_links":{"self":[{"href":"https:\/\/evindepaketle.com\/wp\/wp-json\/wp\/v2\/posts\/34945","targetHints":{"allow":["GET"]}}],"collection":[{"href":"https:\/\/evindepaketle.com\/wp\/wp-json\/wp\/v2\/posts"}],"about":[{"href":"https:\/\/evindepaketle.com\/wp\/wp-json\/wp\/v2\/types\/post"}],"author":[{"embeddable":true,"href":"https:\/\/evindepaketle.com\/wp\/wp-json\/wp\/v2\/users\/1"}],"replies":[{"embeddable":true,"href":"https:\/\/evindepaketle.com\/wp\/wp-json\/wp\/v2\/comments?post=34945"}],"version-history":[{"count":1,"href":"https:\/\/evindepaketle.com\/wp\/wp-json\/wp\/v2\/posts\/34945\/revisions"}],"predecessor-version":[{"id":34946,"href":"https:\/\/evindepaketle.com\/wp\/wp-json\/wp\/v2\/posts\/34945\/revisions\/34946"}],"wp:featuredmedia":[{"embeddable":true,"href":"https:\/\/evindepaketle.com\/wp\/wp-json\/wp\/v2\/media\/34947"}],"wp:attachment":[{"href":"https:\/\/evindepaketle.com\/wp\/wp-json\/wp\/v2\/media?parent=34945"}],"wp:term":[{"taxonomy":"category","embeddable":true,"href":"https:\/\/evindepaketle.com\/wp\/wp-json\/wp\/v2\/categories?post=34945"},{"taxonomy":"post_tag","embeddable":true,"href":"https:\/\/evindepaketle.com\/wp\/wp-json\/wp\/v2\/tags?post=34945"}],"curies":[{"name":"wp","href":"https:\/\/api.w.org\/{rel}","templated":true}]}}