{"id":34903,"date":"2026-01-02T19:16:28","date_gmt":"2026-01-02T19:16:28","guid":{"rendered":"https:\/\/evindepaketle.com\/wp\/?p=34903"},"modified":"2026-01-02T19:16:28","modified_gmt":"2026-01-02T19:16:28","slug":"ndryshime-ne-skemen-e-pensioneve-ja-kriteret-e-reja-per-vitin-2026","status":"publish","type":"post","link":"https:\/\/evindepaketle.com\/wp\/ndryshime-ne-skemen-e-pensioneve-ja-kriteret-e-reja-per-vitin-2026\/","title":{"rendered":"Ndryshime n\u00eb skem\u00ebn e pensioneve, ja kriteret e reja p\u00ebr vitin 2026"},"content":{"rendered":"<div id=\"evind-4283206888\" class=\"evind-bf-imag-1 evind-entity-placement\"><div id=\"div-gpt-ad-1767907234185-0\" style=\"min-width:300px;min-height:250px;\"><\/div><\/div><p>Teksa skema e pensioneve pritet t\u00eb rishikohet, me nisjen e vitit 2026 ndryshon mosha e daljes n\u00eb pension p\u00ebr grat\u00eb si dhe vitet e vjet\u00ebrsis\u00eb n\u00eb pun\u00eb p\u00ebr t\u00eb dy gjinit\u00eb, sipas ndryshimeve q\u00eb hyn\u00eb n\u00eb fuqi n\u00eb janar t\u00eb vitit 2015.<\/p>\n<p>Reforma e nd\u00ebrmarr\u00eb 11 vite m\u00eb par\u00eb parashikoi nj\u00eb rritje graduale e mosh\u00ebs dhe vjet\u00ebrsis\u00eb n\u00eb pun\u00eb, \u00e7ka lidhet direkt me mas\u00ebn e pensionit.<\/p><div id=\"evind-288899892\" class=\"evind-aft-img-1 evind-entity-placement\"><div id=\"div-gpt-ad-1767907274482-0\" style=\"min-width:300px;min-height:250px;\"><\/div><\/div>\n<p>K\u00ebshtu, gjat\u00eb k\u00ebtij viti nj\u00eb grua duhet t\u00eb jet\u00eb 62 vje\u00e7, n\u00eb m\u00ebnyr\u00eb q\u00eb t\u00eb p\u00ebrmbush\u00eb kriteret e daljes n\u00eb pension. Me ndryshimet q\u00eb iu b\u00ebn\u00eb ligjit \u201cP\u00ebr sigurimet shoq\u00ebrore\u201d, parashikohet nj\u00eb rritje e mosh\u00ebs s\u00eb daljes n\u00eb pension me dy muaj n\u00eb vit, duke u b\u00ebr\u00eb 63 vje\u00e7 n\u00eb vitin 2032. M\u00eb pas do t\u00eb nis\u00eb rritja e mosh\u00ebs edhe p\u00ebr burrat, p\u00ebr t\u00eb shkuar n\u00eb 67 vje\u00e7 n\u00eb vitin 2056, p\u00ebr t\u00eb dyja gjinit\u00eb.<\/p>\n<p>Por, ndon\u00ebse burrat nuk preken menj\u00ebher\u00eb nga zgjatja e mosh\u00ebs s\u00eb daljes n\u00eb pension, ata ndikohen nga rritja e viteve t\u00eb vjet\u00ebrsis\u00eb n\u00eb pun\u00eb.<\/p>\n<p>Kjo do t\u00eb thot\u00eb se, n\u00ebse nj\u00eb burr\u00eb, n\u00eb dhjetor t\u00eb vitit 2014 duhej t\u00eb kishte 35 vite vjet\u00ebrsi, nga data 1 janar 2026 duhet t\u00eb ket\u00eb 39 vjet.<\/p>\n<p>E nj\u00ebjta logjik\u00eb vlen edhe p\u00ebr grat\u00eb, t\u00eb cilave paralelisht me mosh\u00ebn u rriten edhe vitet e vjet\u00ebrsis\u00eb n\u00eb pun\u00eb. Referuar legjislacionit n\u00eb fuqi, rritja graduale e vjet\u00ebrsis\u00eb ndikon drejtp\u00ebrdrejt n\u00eb mas\u00ebn e pensionit t\u00eb pleq\u00ebris\u00eb, duke qen\u00eb se \u00ebsht\u00eb nj\u00eb prej p\u00ebrb\u00ebr\u00ebsve t\u00eb formul\u00ebs p\u00ebr p\u00ebrllogaritjen e tij.<\/p>\n<p>Sipas formul\u00ebs, pensioni p\u00ebrb\u00ebhet nga nj\u00eb shum\u00eb baz\u00eb, q\u00eb \u00ebsht\u00eb e barabart\u00eb me pensionin social, shum\u00ebzim vitet e sigurimit q\u00eb ka \u00e7do person, pjes\u00ebtim vitet e vjet\u00ebrsis\u00eb n\u00eb pun\u00eb.<\/p>\n<p>Mosha e daljes n\u00eb pension, n\u00eb vitin 2026<\/p>\n<p>Burra 65 vje\u00e7<\/p>\n<p>Gra 62 vje\u00e7<\/p>\n<p>Vjet\u00ebrsia n\u00eb pun\u00eb<\/p>\n<p>Viti 2025 38 vjet e 8 muaj<\/p>\n<p>Viti 2026 39 vjet<\/p>\n<div id=\"evind-857658619\" class=\"evind-aft-content evind-entity-placement\"><script async src=\"https:\/\/pagead2.googlesyndication.com\/pagead\/js\/adsbygoogle.js\"\r\n     crossorigin=\"anonymous\"><\/script>\r\n<ins class=\"adsbygoogle\"\r\n     style=\"display:block; text-align:center;\"\r\n     data-ad-layout=\"in-article\"\r\n     data-ad-format=\"fluid\"\r\n     data-ad-client=\"ca-pub-9502650571429605\"\r\n     data-page-url=\"https:\/\/evindepaketle.com\"\r\n     data-ad-slot=\"5205678616\"><\/ins>\r\n<script>\r\n     (adsbygoogle = window.adsbygoogle || []).push({});\r\n<\/script><\/div>","protected":false},"excerpt":{"rendered":"<p>Teksa skema e pensioneve pritet t\u00eb rishikohet, me nisjen e vitit 2026 ndryshon mosha e daljes n\u00eb pension p\u00ebr grat\u00eb si dhe vitet e vjet\u00ebrsis\u00eb n\u00eb pun\u00eb p\u00ebr t\u00eb dy gjinit\u00eb, sipas ndryshimeve q\u00eb hyn\u00eb n\u00eb fuqi n\u00eb janar t\u00eb vitit 2015. Reforma e nd\u00ebrmarr\u00eb 11 vite m\u00eb par\u00eb parashikoi nj\u00eb rritje graduale e mosh\u00ebs [&hellip;]<\/p>\n","protected":false},"author":1,"featured_media":34905,"comment_status":"open","ping_status":"closed","sticky":false,"template":"","format":"standard","meta":{"jnews-multi-image_gallery":[],"jnews_single_post":[],"jnews_primary_category":[],"jnews_social_meta":[],"jnews_review":[],"enable_review":"","type":"","name":"","summary":"","brand":"","sku":"","good":[],"bad":[],"score_override":"","override_value":"","rating":[],"price":[],"jnews_override_counter":[],"jnews_post_split":[],"footnotes":""},"categories":[44],"tags":[],"class_list":["post-34903","post","type-post","status-publish","format-standard","has-post-thumbnail","hentry","category-tvshow"],"_links":{"self":[{"href":"https:\/\/evindepaketle.com\/wp\/wp-json\/wp\/v2\/posts\/34903","targetHints":{"allow":["GET"]}}],"collection":[{"href":"https:\/\/evindepaketle.com\/wp\/wp-json\/wp\/v2\/posts"}],"about":[{"href":"https:\/\/evindepaketle.com\/wp\/wp-json\/wp\/v2\/types\/post"}],"author":[{"embeddable":true,"href":"https:\/\/evindepaketle.com\/wp\/wp-json\/wp\/v2\/users\/1"}],"replies":[{"embeddable":true,"href":"https:\/\/evindepaketle.com\/wp\/wp-json\/wp\/v2\/comments?post=34903"}],"version-history":[{"count":1,"href":"https:\/\/evindepaketle.com\/wp\/wp-json\/wp\/v2\/posts\/34903\/revisions"}],"predecessor-version":[{"id":34904,"href":"https:\/\/evindepaketle.com\/wp\/wp-json\/wp\/v2\/posts\/34903\/revisions\/34904"}],"wp:featuredmedia":[{"embeddable":true,"href":"https:\/\/evindepaketle.com\/wp\/wp-json\/wp\/v2\/media\/34905"}],"wp:attachment":[{"href":"https:\/\/evindepaketle.com\/wp\/wp-json\/wp\/v2\/media?parent=34903"}],"wp:term":[{"taxonomy":"category","embeddable":true,"href":"https:\/\/evindepaketle.com\/wp\/wp-json\/wp\/v2\/categories?post=34903"},{"taxonomy":"post_tag","embeddable":true,"href":"https:\/\/evindepaketle.com\/wp\/wp-json\/wp\/v2\/tags?post=34903"}],"curies":[{"name":"wp","href":"https:\/\/api.w.org\/{rel}","templated":true}]}}