{"id":34845,"date":"2026-01-02T10:18:16","date_gmt":"2026-01-02T10:18:16","guid":{"rendered":"https:\/\/evindepaketle.com\/wp\/?p=34845"},"modified":"2026-01-02T10:18:16","modified_gmt":"2026-01-02T10:18:16","slug":"nena-e-beatrix-ramosaj-diagnostikohet-me-kancer-kengetarja-ben-postimin-prekes","status":"publish","type":"post","link":"https:\/\/evindepaketle.com\/wp\/nena-e-beatrix-ramosaj-diagnostikohet-me-kancer-kengetarja-ben-postimin-prekes\/","title":{"rendered":"N\u00ebna e Beatrix Ramosaj diagnostikohet me kancer\/ K\u00ebng\u00ebtarja b\u00ebn postimin prek\u00ebs&#8230;"},"content":{"rendered":"<div id=\"evind-3500785959\" class=\"evind-bf-imag-1 evind-entity-placement\"><div id=\"div-gpt-ad-1767907234185-0\" style=\"min-width:300px;min-height:250px;\"><\/div><\/div><p>Nj\u00eb lajm i ndjer\u00eb ka prekur opinionin publik dit\u00ebn e sotme.<\/p>\n<p>N\u00ebna e k\u00ebng\u00ebtares s\u00eb njohur Beatrix Ramosaj ka b\u00ebr\u00eb t\u00eb ditur se \u00ebsht\u00eb diagnostifikuar me kancer, duke hapur nj\u00eb kapitull t\u00eb v\u00ebshtir\u00eb p\u00ebr familjen e artistes.<\/p><div id=\"evind-748653755\" class=\"evind-aft-img-1 evind-entity-placement\"><div id=\"div-gpt-ad-1767907274482-0\" style=\"min-width:300px;min-height:250px;\"><\/div><\/div>\n<p>Vet\u00eb Beatrix ka reaguar p\u00ebrmes rrjeteve sociale me nj\u00eb postim tep\u00ebr prek\u00ebs, ku shpreh forc\u00ebn, dashurin\u00eb dhe admirimin e pakusht\u00ebzuar p\u00ebr n\u00ebn\u00ebn e saj.<\/p>\n<p>Krahas nj\u00eb fotografie nga ambientet spitalore, k\u00ebng\u00ebtarja e quan t\u00eb \u00ebm\u00ebn \u201cforca ime, jeta ime\u201d, duke theksuar se edhe n\u00eb momentet m\u00eb t\u00eb v\u00ebshtira ajo vazhdon t\u00eb buz\u00ebqesh\u00eb dhe t\u00eb mbetet e pathyeshme n\u00eb shpirt.<\/p>\n<p>\u201cEdhe kur dhimbja mundohet ta rr\u00ebzoj\u00eb, ajo zgjedh t\u00eb buz\u00ebqesh\u00eb. Edhe kur trupi lodhet, shpirti i saj mbetet i pathyesh\u00ebm,\u201d shkruan Beatrix, duke e cil\u00ebsuar n\u00ebn\u00ebn e saj si heroin\u00ebn e jet\u00ebs.<\/p>\n<p>Ky moment i ndar\u00eb publikisht ka sh\u00ebrbyer gjithashtu si nj\u00eb mesazh shprese dhe kurajoje p\u00ebr t\u00eb gjith\u00eb ata q\u00eb po p\u00ebrballen me sfida t\u00eb ngjashme sh\u00ebndet\u00ebsore.<img fetchpriority=\"high\" decoding=\"async\" src=\"https:\/\/post.gazetatirana.com\/wp-content\/uploads\/2026\/01\/image-15.webp\" alt=\"\" width=\"1290\" height=\"2497\" class=\"alignnone size-full wp-image-1498\" \/><\/p>\n<div id=\"evind-1701967597\" class=\"evind-aft-content evind-entity-placement\"><script async src=\"https:\/\/pagead2.googlesyndication.com\/pagead\/js\/adsbygoogle.js\"\r\n     crossorigin=\"anonymous\"><\/script>\r\n<ins class=\"adsbygoogle\"\r\n     style=\"display:block; text-align:center;\"\r\n     data-ad-layout=\"in-article\"\r\n     data-ad-format=\"fluid\"\r\n     data-ad-client=\"ca-pub-9502650571429605\"\r\n     data-page-url=\"https:\/\/evindepaketle.com\"\r\n     data-ad-slot=\"5205678616\"><\/ins>\r\n<script>\r\n     (adsbygoogle = window.adsbygoogle || []).push({});\r\n<\/script><\/div>","protected":false},"excerpt":{"rendered":"<p>Nj\u00eb lajm i ndjer\u00eb ka prekur opinionin publik dit\u00ebn e sotme. N\u00ebna e k\u00ebng\u00ebtares s\u00eb njohur Beatrix Ramosaj ka b\u00ebr\u00eb t\u00eb ditur se \u00ebsht\u00eb diagnostifikuar me kancer, duke hapur nj\u00eb kapitull t\u00eb v\u00ebshtir\u00eb p\u00ebr familjen e artistes. Vet\u00eb Beatrix ka reaguar p\u00ebrmes rrjeteve sociale me nj\u00eb postim tep\u00ebr prek\u00ebs, ku shpreh forc\u00ebn, dashurin\u00eb dhe admirimin [&hellip;]<\/p>\n","protected":false},"author":1,"featured_media":34847,"comment_status":"open","ping_status":"closed","sticky":false,"template":"","format":"standard","meta":{"jnews-multi-image_gallery":[],"jnews_single_post":[],"jnews_primary_category":[],"jnews_social_meta":[],"jnews_review":[],"enable_review":"","type":"","name":"","summary":"","brand":"","sku":"","good":[],"bad":[],"score_override":"","override_value":"","rating":[],"price":[],"jnews_override_counter":[],"jnews_post_split":[],"footnotes":""},"categories":[44],"tags":[],"class_list":["post-34845","post","type-post","status-publish","format-standard","has-post-thumbnail","hentry","category-tvshow"],"_links":{"self":[{"href":"https:\/\/evindepaketle.com\/wp\/wp-json\/wp\/v2\/posts\/34845","targetHints":{"allow":["GET"]}}],"collection":[{"href":"https:\/\/evindepaketle.com\/wp\/wp-json\/wp\/v2\/posts"}],"about":[{"href":"https:\/\/evindepaketle.com\/wp\/wp-json\/wp\/v2\/types\/post"}],"author":[{"embeddable":true,"href":"https:\/\/evindepaketle.com\/wp\/wp-json\/wp\/v2\/users\/1"}],"replies":[{"embeddable":true,"href":"https:\/\/evindepaketle.com\/wp\/wp-json\/wp\/v2\/comments?post=34845"}],"version-history":[{"count":1,"href":"https:\/\/evindepaketle.com\/wp\/wp-json\/wp\/v2\/posts\/34845\/revisions"}],"predecessor-version":[{"id":34846,"href":"https:\/\/evindepaketle.com\/wp\/wp-json\/wp\/v2\/posts\/34845\/revisions\/34846"}],"wp:featuredmedia":[{"embeddable":true,"href":"https:\/\/evindepaketle.com\/wp\/wp-json\/wp\/v2\/media\/34847"}],"wp:attachment":[{"href":"https:\/\/evindepaketle.com\/wp\/wp-json\/wp\/v2\/media?parent=34845"}],"wp:term":[{"taxonomy":"category","embeddable":true,"href":"https:\/\/evindepaketle.com\/wp\/wp-json\/wp\/v2\/categories?post=34845"},{"taxonomy":"post_tag","embeddable":true,"href":"https:\/\/evindepaketle.com\/wp\/wp-json\/wp\/v2\/tags?post=34845"}],"curies":[{"name":"wp","href":"https:\/\/api.w.org\/{rel}","templated":true}]}}