{"id":34770,"date":"2025-12-31T16:43:32","date_gmt":"2025-12-31T16:43:32","guid":{"rendered":"https:\/\/evindepaketle.com\/wp\/?p=34770"},"modified":"2025-12-31T16:43:32","modified_gmt":"2025-12-31T16:43:32","slug":"e-zhdukur-prej-nje-muaji-nga-shtepia-gjendet-e-vrre-19-vjecarja-policia-zbulon-detajet-e-para","status":"publish","type":"post","link":"https:\/\/evindepaketle.com\/wp\/e-zhdukur-prej-nje-muaji-nga-shtepia-gjendet-e-vrre-19-vjecarja-policia-zbulon-detajet-e-para\/","title":{"rendered":"E zhdukur prej nj\u00eb muaji nga sht\u00ebpia, gjendet e vr*r\u00eb 19-vje\u00e7arja\/ Policia zbulon detajet e para"},"content":{"rendered":"<div id=\"evind-2627210328\" class=\"evind-bf-imag-1 evind-entity-placement\"><div id=\"div-gpt-ad-1767907234185-0\" style=\"min-width:300px;min-height:250px;\"><\/div><\/div><p>Nj\u00eb 19-vjecare \u00ebsht\u00eb gjendur e vdekur n\u00eb oborrin e nj\u00eb pallati n\u00eb Milano.<\/p>\n<p>Sipas familjar\u00ebve, Aurora Livoli, ishte larguar prej m\u00eb shum\u00eb se nj\u00eb muaji nga sht\u00ebpia. Kontakti i fundit me t\u00eb kishte qen\u00eb m\u00ebngjesin e 26 n\u00ebntorit, kur ajo u kishte th\u00ebn\u00eb se ishte mir\u00eb dhe se nuk kishte nd\u00ebrmend t\u00eb kthehej, pa dh\u00ebn\u00eb informacion mbi vendndodhjen e saj.<\/p><div id=\"evind-692403840\" class=\"evind-aft-img-1 evind-entity-placement\"><div id=\"div-gpt-ad-1767907274482-0\" style=\"min-width:300px;min-height:250px;\"><\/div><\/div>\n<p>Karabinier\u00ebt, publikuan dy pamje nga kamerat e siguris\u00eb ku vajza shihet duke ecur n\u00eb rrug\u00eb pak para se t\u00eb hynte n\u00eb nj\u00eb pallat n\u00eb Via Paruta. Ajo paraqitet me flok\u00eb t\u00eb err\u00ebt deri n\u00eb supe, e veshur me atlete dhe nj\u00eb xhaket\u00eb.<\/p>\n<p>Sipas mediave, n\u00eb pamje, 19-vje\u00e7arja duket e qet\u00eb dhe nuk shfaq shenja shqet\u00ebsimi. Pas saj shihet nj\u00eb burr\u00eb i gjat\u00eb dhe i dob\u00ebt, i veshur me nj\u00eb bluz\u00eb t\u00eb bardh\u00eb, i cili nuk shfaqet qart\u00eb n\u00eb pamje. Ai \u00ebsht\u00eb filmuar rreth nj\u00eb or\u00eb m\u00eb von\u00eb duke u larguar nga e nj\u00ebjta zon\u00eb, k\u00ebt\u00eb her\u00eb i vet\u00ebm. Sipas hetuesve, asgj\u00eb n\u00eb pamje nuk sugjeron ndjekje apo dhun\u00eb n\u00eb at\u00eb moment, duke l\u00ebn\u00eb t\u00eb kuptohet se dy personat mund t\u00eb njiheshin.<\/p>\n<p>Kur u gjet, Aurora nuk kishte me vete dokumente identifikimi, telefon apo shenja dalluese q\u00eb mund t\u00eb ndihmonin n\u00eb identifikimin e saj. Verifikimet n\u00eb arkivat e gjurm\u00ebve t\u00eb gisht\u00ebrinjve (AFIS), k\u00ebrkimet n\u00eb qendrat e pritjes dhe d\u00ebshmit\u00eb e banor\u00ebve t\u00eb zon\u00ebs nuk dhan\u00eb rezultat. Askush nuk deklaroi se e kishte par\u00eb m\u00eb par\u00eb n\u00eb at\u00eb lagje.<\/p>\n<p>P\u00ebr k\u00ebt\u00eb arsye, Prokuroria autorizoi publikimin e pamjeve t\u00eb kamerave t\u00eb siguris\u00eb, \u00e7ka \u00e7oi m\u00eb pas n\u00eb identifikimin e saj.<\/p>\n<p>Shkaku i vdekjes mbetet ende i paqart\u00eb. Autopsia, q\u00eb pritet t\u00eb kryhet n\u00eb or\u00ebt n\u00eb vijim, do t\u00eb p\u00ebrcaktoj\u00eb n\u00ebse shenjat e v\u00ebrejtura n\u00eb qaf\u00eb lidhen me vdekjen dhe n\u00ebse ato i paraprijn\u00eb apo jo asaj, si edhe n\u00ebse ka pasur dhun\u00eb.<\/p>\n<p>Nd\u00ebrkoh\u00eb, hetuesit po punojn\u00eb p\u00ebr t\u00eb identifikuar burrin e par\u00eb n\u00eb shoq\u00ebrin\u00eb e Auror\u00ebs dhe p\u00ebr t\u00eb rind\u00ebrtuar or\u00ebt e fundit t\u00eb jet\u00ebs s\u00eb saj.<\/p>\n<div id=\"evind-1336766057\" class=\"evind-aft-content evind-entity-placement\"><script async src=\"https:\/\/pagead2.googlesyndication.com\/pagead\/js\/adsbygoogle.js\"\r\n     crossorigin=\"anonymous\"><\/script>\r\n<ins class=\"adsbygoogle\"\r\n     style=\"display:block; text-align:center;\"\r\n     data-ad-layout=\"in-article\"\r\n     data-ad-format=\"fluid\"\r\n     data-ad-client=\"ca-pub-9502650571429605\"\r\n     data-page-url=\"https:\/\/evindepaketle.com\"\r\n     data-ad-slot=\"5205678616\"><\/ins>\r\n<script>\r\n     (adsbygoogle = window.adsbygoogle || []).push({});\r\n<\/script><\/div>","protected":false},"excerpt":{"rendered":"<p>Nj\u00eb 19-vjecare \u00ebsht\u00eb gjendur e vdekur n\u00eb oborrin e nj\u00eb pallati n\u00eb Milano. Sipas familjar\u00ebve, Aurora Livoli, ishte larguar prej m\u00eb shum\u00eb se nj\u00eb muaji nga sht\u00ebpia. Kontakti i fundit me t\u00eb kishte qen\u00eb m\u00ebngjesin e 26 n\u00ebntorit, kur ajo u kishte th\u00ebn\u00eb se ishte mir\u00eb dhe se nuk kishte nd\u00ebrmend t\u00eb kthehej, pa dh\u00ebn\u00eb [&hellip;]<\/p>\n","protected":false},"author":1,"featured_media":34772,"comment_status":"open","ping_status":"closed","sticky":false,"template":"","format":"standard","meta":{"jnews-multi-image_gallery":[],"jnews_single_post":[],"jnews_primary_category":[],"jnews_social_meta":[],"jnews_review":[],"enable_review":"","type":"","name":"","summary":"","brand":"","sku":"","good":[],"bad":[],"score_override":"","override_value":"","rating":[],"price":[],"jnews_override_counter":[],"jnews_post_split":[],"footnotes":""},"categories":[44],"tags":[],"class_list":["post-34770","post","type-post","status-publish","format-standard","has-post-thumbnail","hentry","category-tvshow"],"_links":{"self":[{"href":"https:\/\/evindepaketle.com\/wp\/wp-json\/wp\/v2\/posts\/34770","targetHints":{"allow":["GET"]}}],"collection":[{"href":"https:\/\/evindepaketle.com\/wp\/wp-json\/wp\/v2\/posts"}],"about":[{"href":"https:\/\/evindepaketle.com\/wp\/wp-json\/wp\/v2\/types\/post"}],"author":[{"embeddable":true,"href":"https:\/\/evindepaketle.com\/wp\/wp-json\/wp\/v2\/users\/1"}],"replies":[{"embeddable":true,"href":"https:\/\/evindepaketle.com\/wp\/wp-json\/wp\/v2\/comments?post=34770"}],"version-history":[{"count":1,"href":"https:\/\/evindepaketle.com\/wp\/wp-json\/wp\/v2\/posts\/34770\/revisions"}],"predecessor-version":[{"id":34771,"href":"https:\/\/evindepaketle.com\/wp\/wp-json\/wp\/v2\/posts\/34770\/revisions\/34771"}],"wp:featuredmedia":[{"embeddable":true,"href":"https:\/\/evindepaketle.com\/wp\/wp-json\/wp\/v2\/media\/34772"}],"wp:attachment":[{"href":"https:\/\/evindepaketle.com\/wp\/wp-json\/wp\/v2\/media?parent=34770"}],"wp:term":[{"taxonomy":"category","embeddable":true,"href":"https:\/\/evindepaketle.com\/wp\/wp-json\/wp\/v2\/categories?post=34770"},{"taxonomy":"post_tag","embeddable":true,"href":"https:\/\/evindepaketle.com\/wp\/wp-json\/wp\/v2\/tags?post=34770"}],"curies":[{"name":"wp","href":"https:\/\/api.w.org\/{rel}","templated":true}]}}