{"id":34599,"date":"2025-12-28T12:42:24","date_gmt":"2025-12-28T12:42:24","guid":{"rendered":"https:\/\/evindepaketle.com\/wp\/?p=34599"},"modified":"2025-12-28T12:42:25","modified_gmt":"2025-12-28T12:42:25","slug":"reagimi-i-forte-i-jul-dedes-pasi-miri-i-hyri-ne-krevat-selines","status":"publish","type":"post","link":"https:\/\/evindepaketle.com\/wp\/reagimi-i-forte-i-jul-dedes-pasi-miri-i-hyri-ne-krevat-selines\/","title":{"rendered":"Reagimi i fort\u00eb i Jul Ded\u00ebs pasi Miri i hyri n\u00eb krevat Selin\u00ebs"},"content":{"rendered":"<div id=\"evind-1101075342\" class=\"evind-bf-imag-1 evind-entity-placement\"><div id=\"div-gpt-ad-1767907234185-0\" style=\"min-width:300px;min-height:250px;\"><\/div><\/div><p>Marr\u00ebdh\u00ebnia e af\u00ebrt dhe e diskutuar mes banor\u00ebve t\u00eb \u201cBig Brother VIP 5\u201d, Selit dhe Mirit, ka sjell\u00eb reagimin e drejtp\u00ebrdrejt\u00eb t\u00eb aktorit dhe ish-finalistit, Julian Deda.<\/p>\n<p>P\u00ebrmes nj\u00eb statusi n\u00eb rrjetet sociale, Juli ka analizuar situat\u00ebn duke u shprehur se si dy adult\u00eb, ata jan\u00eb t\u00eb lir\u00eb t\u00eb ken\u00eb \u00e7far\u00ebdo raporti q\u00eb d\u00ebshirojn\u00eb dhe askush nuk mund t\u2019i ndaloj\u00eb.<\/p><div id=\"evind-1753142728\" class=\"evind-aft-img-1 evind-entity-placement\"><div id=\"div-gpt-ad-1767907274482-0\" style=\"min-width:300px;min-height:250px;\"><\/div><\/div>\n<p>Megjithat\u00eb, aktori e ka v\u00ebn\u00eb gishtin te \u201cqorrsokaku\u201d ku Miri ka futur veten me justifikimin se e sheh Selin si bij\u00ebn e tij.<\/p>\n<p>Juli shkruan prer\u00eb: \u201cKush ka vajza n\u00eb k\u00ebt\u00eb mosh\u00eb e di shum\u00eb mir\u00eb se, vajz\u00ebs nuk i futesh dot as n\u00eb dhom\u00eb dhe jo m\u00eb n\u00eb krevat..!\u201d<\/p>\n<p>P\u00ebr Ded\u00ebn, e v\u00ebrteta \u00ebsht\u00eb m\u00eb e thjesht\u00eb dhe nuk ka lidhje me ndjenjat at\u00ebrore, por me strategjin\u00eb.<\/p>\n<p>\u201cM\u00eb mir\u00eb t\u00eb pranojn\u00eb t\u00eb dy, se kjo marr\u00ebdh\u00ebnie i duhet p\u00ebr loj\u00eb dhe kaq,\u201d ka p\u00ebrfunduar ai, duke hedhur posht\u00eb alibin\u00eb e Mirit p\u00ebr afrimitetin fizik me banoren m\u00eb t\u00eb re.<\/p>\n<p><img fetchpriority=\"high\" decoding=\"async\" src=\"https:\/\/post.gazetatirana.com\/wp-content\/uploads\/2025\/12\/image-258.webp\" alt=\"\" width=\"1008\" height=\"2244\" class=\"alignnone size-full wp-image-1203\" \/><\/p>\n<div id=\"evind-3640896428\" class=\"evind-aft-content evind-entity-placement\"><script async src=\"https:\/\/pagead2.googlesyndication.com\/pagead\/js\/adsbygoogle.js\"\r\n     crossorigin=\"anonymous\"><\/script>\r\n<ins class=\"adsbygoogle\"\r\n     style=\"display:block; text-align:center;\"\r\n     data-ad-layout=\"in-article\"\r\n     data-ad-format=\"fluid\"\r\n     data-ad-client=\"ca-pub-9502650571429605\"\r\n     data-page-url=\"https:\/\/evindepaketle.com\"\r\n     data-ad-slot=\"5205678616\"><\/ins>\r\n<script>\r\n     (adsbygoogle = window.adsbygoogle || []).push({});\r\n<\/script><\/div>","protected":false},"excerpt":{"rendered":"<p>Marr\u00ebdh\u00ebnia e af\u00ebrt dhe e diskutuar mes banor\u00ebve t\u00eb \u201cBig Brother VIP 5\u201d, Selit dhe Mirit, ka sjell\u00eb reagimin e drejtp\u00ebrdrejt\u00eb t\u00eb aktorit dhe ish-finalistit, Julian Deda. P\u00ebrmes nj\u00eb statusi n\u00eb rrjetet sociale, Juli ka analizuar situat\u00ebn duke u shprehur se si dy adult\u00eb, ata jan\u00eb t\u00eb lir\u00eb t\u00eb ken\u00eb \u00e7far\u00ebdo raporti q\u00eb d\u00ebshirojn\u00eb dhe [&hellip;]<\/p>\n","protected":false},"author":1,"featured_media":34601,"comment_status":"open","ping_status":"closed","sticky":false,"template":"","format":"standard","meta":{"jnews-multi-image_gallery":[],"jnews_single_post":[],"jnews_primary_category":[],"jnews_social_meta":[],"jnews_review":[],"enable_review":"","type":"","name":"","summary":"","brand":"","sku":"","good":[],"bad":[],"score_override":"","override_value":"","rating":[],"price":[],"jnews_override_counter":[],"jnews_post_split":[],"footnotes":""},"categories":[44],"tags":[],"class_list":["post-34599","post","type-post","status-publish","format-standard","has-post-thumbnail","hentry","category-tvshow"],"_links":{"self":[{"href":"https:\/\/evindepaketle.com\/wp\/wp-json\/wp\/v2\/posts\/34599","targetHints":{"allow":["GET"]}}],"collection":[{"href":"https:\/\/evindepaketle.com\/wp\/wp-json\/wp\/v2\/posts"}],"about":[{"href":"https:\/\/evindepaketle.com\/wp\/wp-json\/wp\/v2\/types\/post"}],"author":[{"embeddable":true,"href":"https:\/\/evindepaketle.com\/wp\/wp-json\/wp\/v2\/users\/1"}],"replies":[{"embeddable":true,"href":"https:\/\/evindepaketle.com\/wp\/wp-json\/wp\/v2\/comments?post=34599"}],"version-history":[{"count":1,"href":"https:\/\/evindepaketle.com\/wp\/wp-json\/wp\/v2\/posts\/34599\/revisions"}],"predecessor-version":[{"id":34600,"href":"https:\/\/evindepaketle.com\/wp\/wp-json\/wp\/v2\/posts\/34599\/revisions\/34600"}],"wp:featuredmedia":[{"embeddable":true,"href":"https:\/\/evindepaketle.com\/wp\/wp-json\/wp\/v2\/media\/34601"}],"wp:attachment":[{"href":"https:\/\/evindepaketle.com\/wp\/wp-json\/wp\/v2\/media?parent=34599"}],"wp:term":[{"taxonomy":"category","embeddable":true,"href":"https:\/\/evindepaketle.com\/wp\/wp-json\/wp\/v2\/categories?post=34599"},{"taxonomy":"post_tag","embeddable":true,"href":"https:\/\/evindepaketle.com\/wp\/wp-json\/wp\/v2\/tags?post=34599"}],"curies":[{"name":"wp","href":"https:\/\/api.w.org\/{rel}","templated":true}]}}