{"id":34017,"date":"2025-12-18T14:00:39","date_gmt":"2025-12-18T14:00:39","guid":{"rendered":"https:\/\/evindepaketle.com\/wp\/?p=34017"},"modified":"2025-12-18T14:00:40","modified_gmt":"2025-12-18T14:00:40","slug":"cfare-i-ndodhi-ne-shtepi-alba-pollozhani-largohet-menjehere-nga-big-brother-vip-kosova-drejt-spitalit","status":"publish","type":"post","link":"https:\/\/evindepaketle.com\/wp\/cfare-i-ndodhi-ne-shtepi-alba-pollozhani-largohet-menjehere-nga-big-brother-vip-kosova-drejt-spitalit\/","title":{"rendered":"\u00c7far\u00eb i ndodhi n\u00eb sht\u00ebpi? Alba Pollozhani largohet menj\u00ebher\u00eb nga Big Brother VIP Kosova drejt spitalit"},"content":{"rendered":"<div id=\"evind-2685320557\" class=\"evind-bf-imag-1 evind-entity-placement\"><div id=\"div-gpt-ad-1767907234185-0\" style=\"min-width:300px;min-height:250px;\"><\/div><\/div><p>Alba Pollozhani, banore e \u201cBig Brother VIP Kosova 4\u201d, ka l\u00ebn\u00eb sht\u00ebpin\u00eb dhe \u00ebsht\u00eb shtruar n\u00eb spital prej nj\u00eb problematike sh\u00ebndet\u00ebsore.<\/p>\n<p>Lajmin e b\u00ebri t\u00eb ditur vet\u00eb faqja zyrtare e \u201cBig Brother VIP Kosova\u201d duke njoftuar se Alba \u00ebsht\u00eb larguar p\u00ebrkoh\u00ebsisht drejt spitalit, pa dh\u00ebn\u00eb detaje se \u00e7far\u00eb ndodhi me t\u00eb.<\/p><div id=\"evind-2696812364\" class=\"evind-aft-img-1 evind-entity-placement\"><div id=\"div-gpt-ad-1767907274482-0\" style=\"min-width:300px;min-height:250px;\"><\/div><\/div>\n<p>Megjithat\u00eb, personi q\u00eb menaxhon faqen e Instagramit t\u00eb Alb\u00ebs ka b\u00ebr\u00eb t\u00eb ditur se banorja ka humbur ndjenjat dhe tani ndodhet n\u00ebn kujdesin e mjek\u00ebve p\u00ebr t\u00eb zbuluar arsyen e incidentit.<\/p>\n<p>Mbetet p\u00ebr t\u2019u par\u00eb n\u00ebse kjo do t\u00eb ket\u00eb ndikim n\u00eb q\u00ebndrimin e Alb\u00ebs brenda sht\u00ebpis\u00eb dhe vazhdimin e loj\u00ebs s\u00eb saj.<img fetchpriority=\"high\" decoding=\"async\" src=\"https:\/\/post.gazetatirana.com\/wp-content\/uploads\/2025\/12\/image-71.webp\" alt=\"\" width=\"879\" height=\"1812\" class=\"alignnone size-full wp-image-352\" \/><\/p>\n<div id=\"evind-1059519914\" class=\"evind-aft-content evind-entity-placement\"><script async src=\"https:\/\/pagead2.googlesyndication.com\/pagead\/js\/adsbygoogle.js\"\r\n     crossorigin=\"anonymous\"><\/script>\r\n<ins class=\"adsbygoogle\"\r\n     style=\"display:block; text-align:center;\"\r\n     data-ad-layout=\"in-article\"\r\n     data-ad-format=\"fluid\"\r\n     data-ad-client=\"ca-pub-9502650571429605\"\r\n     data-page-url=\"https:\/\/evindepaketle.com\"\r\n     data-ad-slot=\"5205678616\"><\/ins>\r\n<script>\r\n     (adsbygoogle = window.adsbygoogle || []).push({});\r\n<\/script><\/div>","protected":false},"excerpt":{"rendered":"<p>Alba Pollozhani, banore e \u201cBig Brother VIP Kosova 4\u201d, ka l\u00ebn\u00eb sht\u00ebpin\u00eb dhe \u00ebsht\u00eb shtruar n\u00eb spital prej nj\u00eb problematike sh\u00ebndet\u00ebsore. Lajmin e b\u00ebri t\u00eb ditur vet\u00eb faqja zyrtare e \u201cBig Brother VIP Kosova\u201d duke njoftuar se Alba \u00ebsht\u00eb larguar p\u00ebrkoh\u00ebsisht drejt spitalit, pa dh\u00ebn\u00eb detaje se \u00e7far\u00eb ndodhi me t\u00eb. Megjithat\u00eb, personi q\u00eb menaxhon [&hellip;]<\/p>\n","protected":false},"author":1,"featured_media":34019,"comment_status":"open","ping_status":"closed","sticky":false,"template":"","format":"standard","meta":{"jnews-multi-image_gallery":[],"jnews_single_post":[],"jnews_primary_category":[],"jnews_social_meta":[],"jnews_review":[],"enable_review":"","type":"","name":"","summary":"","brand":"","sku":"","good":[],"bad":[],"score_override":"","override_value":"","rating":[],"price":[],"jnews_override_counter":[],"jnews_post_split":[],"footnotes":""},"categories":[44],"tags":[],"class_list":["post-34017","post","type-post","status-publish","format-standard","has-post-thumbnail","hentry","category-tvshow"],"_links":{"self":[{"href":"https:\/\/evindepaketle.com\/wp\/wp-json\/wp\/v2\/posts\/34017","targetHints":{"allow":["GET"]}}],"collection":[{"href":"https:\/\/evindepaketle.com\/wp\/wp-json\/wp\/v2\/posts"}],"about":[{"href":"https:\/\/evindepaketle.com\/wp\/wp-json\/wp\/v2\/types\/post"}],"author":[{"embeddable":true,"href":"https:\/\/evindepaketle.com\/wp\/wp-json\/wp\/v2\/users\/1"}],"replies":[{"embeddable":true,"href":"https:\/\/evindepaketle.com\/wp\/wp-json\/wp\/v2\/comments?post=34017"}],"version-history":[{"count":1,"href":"https:\/\/evindepaketle.com\/wp\/wp-json\/wp\/v2\/posts\/34017\/revisions"}],"predecessor-version":[{"id":34018,"href":"https:\/\/evindepaketle.com\/wp\/wp-json\/wp\/v2\/posts\/34017\/revisions\/34018"}],"wp:featuredmedia":[{"embeddable":true,"href":"https:\/\/evindepaketle.com\/wp\/wp-json\/wp\/v2\/media\/34019"}],"wp:attachment":[{"href":"https:\/\/evindepaketle.com\/wp\/wp-json\/wp\/v2\/media?parent=34017"}],"wp:term":[{"taxonomy":"category","embeddable":true,"href":"https:\/\/evindepaketle.com\/wp\/wp-json\/wp\/v2\/categories?post=34017"},{"taxonomy":"post_tag","embeddable":true,"href":"https:\/\/evindepaketle.com\/wp\/wp-json\/wp\/v2\/tags?post=34017"}],"curies":[{"name":"wp","href":"https:\/\/api.w.org\/{rel}","templated":true}]}}