{"id":33972,"date":"2025-12-17T15:19:52","date_gmt":"2025-12-17T15:19:52","guid":{"rendered":"https:\/\/evindepaketle.com\/wp\/?p=33972"},"modified":"2025-12-17T15:19:52","modified_gmt":"2025-12-17T15:19:52","slug":"ulje-temperaturash-dhe-reshje-shiu-ne-disa-qarqe-paralajmeron-meteorologia-gjoni-ja-kur-pritet-te-bjere-debore","status":"publish","type":"post","link":"https:\/\/evindepaketle.com\/wp\/ulje-temperaturash-dhe-reshje-shiu-ne-disa-qarqe-paralajmeron-meteorologia-gjoni-ja-kur-pritet-te-bjere-debore\/","title":{"rendered":"Ulje temperaturash dhe reshje shiu n\u00eb disa qarqe, paralajm\u00ebron meteorologia Gjoni: Ja kur pritet t\u00eb bjer\u00eb d\u00ebbor\u00eb"},"content":{"rendered":"<div id=\"evind-2330130616\" class=\"evind-bf-imag-1 evind-entity-placement\"><div id=\"div-gpt-ad-1767907234185-0\" style=\"min-width:300px;min-height:250px;\"><\/div><\/div><p>Fillimi i muajit dhjetor ka sh\u00ebnuar nj\u00eb ulje t\u00eb temperaturave, por si priten t\u00eb jen\u00eb ato n\u00eb dit\u00ebt e fundit t\u00eb k\u00ebtij viti?<\/p>\n<p>Anira Gjoni nga Instituti i Gjeoshkencave e ftuar n\u00eb emisionin \u2018Sot Live n\u00eb Shqip\u00ebri\u2019 tha se t\u00eb enjten dhe t\u00eb premten do t\u00eb kemi nj\u00eb rritje t\u00eb temperaturave me dy grad\u00eb.<\/p><div id=\"evind-4151682705\" class=\"evind-aft-img-1 evind-entity-placement\"><div id=\"div-gpt-ad-1767907274482-0\" style=\"min-width:300px;min-height:250px;\"><\/div><\/div>\n<p>P\u00ebrgjat\u00eb fundjav\u00ebs temperaturat parashikohen t\u00eb jen\u00eb:<\/p>\n<p>N\u00eb zonat bregdetare 10\/16 grad\u00eb Celcius;<\/p>\n<p>N\u00eb zonat ul\u00ebta 6\/14 grad\u00eb Celcius;<\/p>\n<p>N\u00eb zonat malore 1\/9 grad\u00eb Celcius;<\/p>\n<p>M\u00eb tej Gjoni shtoi se n\u00eb disa pjes\u00eb t\u00eb vendit do t\u00eb kemi edhe reshje shiu me intensitet t\u00eb dob\u00ebt<\/p>\n<p>\u201cSot dhe nes\u00ebr t\u00eb kemi reshje t\u00eb dob\u00ebta shiu n\u00eb qarqet Shkod\u00ebr, Kuk\u00ebs dhe Lezh\u00eb. Lokalisht t\u00eb dob\u00ebta do t\u00eb jen\u00eb n\u00eb Dib\u00ebr, Durr\u00ebs, Tiran\u00eb dhe Vlor\u00eb. N\u00eb pjes\u00ebn tjet\u00ebr nuk do t\u00eb kemi reshje shiu\u201d, shtoi Gjoni.<\/p>\n<p>Sa i p\u00ebrket jav\u00ebs s\u00eb ardhshme dhe dit\u00ebve t\u00eb para t\u00eb janarit 2026, Gjoni theksoi se do t\u00eb kemi s\u00ebrish temperatura t\u00eb ul\u00ebta, teksa n\u00eb lindje dhe juglindje t\u00eb vendit priten reshje d\u00ebbore.<\/p>\n<div id=\"evind-2930148489\" class=\"evind-aft-content evind-entity-placement\"><script async src=\"https:\/\/pagead2.googlesyndication.com\/pagead\/js\/adsbygoogle.js\"\r\n     crossorigin=\"anonymous\"><\/script>\r\n<ins class=\"adsbygoogle\"\r\n     style=\"display:block; text-align:center;\"\r\n     data-ad-layout=\"in-article\"\r\n     data-ad-format=\"fluid\"\r\n     data-ad-client=\"ca-pub-9502650571429605\"\r\n     data-page-url=\"https:\/\/evindepaketle.com\"\r\n     data-ad-slot=\"5205678616\"><\/ins>\r\n<script>\r\n     (adsbygoogle = window.adsbygoogle || []).push({});\r\n<\/script><\/div>","protected":false},"excerpt":{"rendered":"<p>Fillimi i muajit dhjetor ka sh\u00ebnuar nj\u00eb ulje t\u00eb temperaturave, por si priten t\u00eb jen\u00eb ato n\u00eb dit\u00ebt e fundit t\u00eb k\u00ebtij viti? Anira Gjoni nga Instituti i Gjeoshkencave e ftuar n\u00eb emisionin \u2018Sot Live n\u00eb Shqip\u00ebri\u2019 tha se t\u00eb enjten dhe t\u00eb premten do t\u00eb kemi nj\u00eb rritje t\u00eb temperaturave me dy grad\u00eb. P\u00ebrgjat\u00eb [&hellip;]<\/p>\n","protected":false},"author":1,"featured_media":33974,"comment_status":"open","ping_status":"closed","sticky":false,"template":"","format":"standard","meta":{"jnews-multi-image_gallery":[],"jnews_single_post":[],"jnews_primary_category":[],"jnews_social_meta":[],"jnews_review":[],"enable_review":"","type":"","name":"","summary":"","brand":"","sku":"","good":[],"bad":[],"score_override":"","override_value":"","rating":[],"price":[],"jnews_override_counter":[],"jnews_post_split":[],"footnotes":""},"categories":[44],"tags":[],"class_list":["post-33972","post","type-post","status-publish","format-standard","has-post-thumbnail","hentry","category-tvshow"],"_links":{"self":[{"href":"https:\/\/evindepaketle.com\/wp\/wp-json\/wp\/v2\/posts\/33972","targetHints":{"allow":["GET"]}}],"collection":[{"href":"https:\/\/evindepaketle.com\/wp\/wp-json\/wp\/v2\/posts"}],"about":[{"href":"https:\/\/evindepaketle.com\/wp\/wp-json\/wp\/v2\/types\/post"}],"author":[{"embeddable":true,"href":"https:\/\/evindepaketle.com\/wp\/wp-json\/wp\/v2\/users\/1"}],"replies":[{"embeddable":true,"href":"https:\/\/evindepaketle.com\/wp\/wp-json\/wp\/v2\/comments?post=33972"}],"version-history":[{"count":1,"href":"https:\/\/evindepaketle.com\/wp\/wp-json\/wp\/v2\/posts\/33972\/revisions"}],"predecessor-version":[{"id":33973,"href":"https:\/\/evindepaketle.com\/wp\/wp-json\/wp\/v2\/posts\/33972\/revisions\/33973"}],"wp:featuredmedia":[{"embeddable":true,"href":"https:\/\/evindepaketle.com\/wp\/wp-json\/wp\/v2\/media\/33974"}],"wp:attachment":[{"href":"https:\/\/evindepaketle.com\/wp\/wp-json\/wp\/v2\/media?parent=33972"}],"wp:term":[{"taxonomy":"category","embeddable":true,"href":"https:\/\/evindepaketle.com\/wp\/wp-json\/wp\/v2\/categories?post=33972"},{"taxonomy":"post_tag","embeddable":true,"href":"https:\/\/evindepaketle.com\/wp\/wp-json\/wp\/v2\/tags?post=33972"}],"curies":[{"name":"wp","href":"https:\/\/api.w.org\/{rel}","templated":true}]}}