{"id":33909,"date":"2025-12-16T17:53:38","date_gmt":"2025-12-16T17:53:38","guid":{"rendered":"https:\/\/evindepaketle.com\/wp\/?p=33909"},"modified":"2025-12-16T17:53:38","modified_gmt":"2025-12-16T17:53:38","slug":"merr-fund-cdo-dyshim-per-ndarjen-e-elgit-dodes-nga-klea-huta","status":"publish","type":"post","link":"https:\/\/evindepaketle.com\/wp\/merr-fund-cdo-dyshim-per-ndarjen-e-elgit-dodes-nga-klea-huta\/","title":{"rendered":"Merr fund \u00e7do dyshim p\u00ebr ndarjen e Elgit Dod\u00ebs nga Klea Huta"},"content":{"rendered":"<div id=\"evind-2913102491\" class=\"evind-bf-imag-1 evind-entity-placement\"><div id=\"div-gpt-ad-1767907234185-0\" style=\"min-width:300px;min-height:250px;\"><\/div><\/div><p>Pas nj\u00eb periudhe ku n\u00eb mediat roz\u00eb qarkulluan thashetheme t\u00eb shumta p\u00ebr nj\u00eb kriz\u00eb t\u00eb mundshme apo ndarje mes \u00e7iftit t\u00eb njohur, Klea Huta ka reaguar sot duke i shuar p\u00ebrfundimisht t\u00eb gjitha dyshimet.<\/p>\n<p>Me rastin e dit\u00eblindjes s\u00eb partnerit t\u00eb saj, kantautorit dhe producentit Elgit Doda, moderatorja ka zgjedhur t\u00eb b\u00ebj\u00eb nj\u00eb urim publik mjaft t\u00eb ndjer\u00eb.<\/p><div id=\"evind-94732967\" class=\"evind-aft-img-1 evind-entity-placement\"><div id=\"div-gpt-ad-1767907274482-0\" style=\"min-width:300px;min-height:250px;\"><\/div><\/div>\n<p>Ajo ka postuar nj\u00eb foto t\u00eb bukur familjare bardh\u00eb e zi, t\u00eb shkrepur n\u00eb Rom\u00eb pran\u00eb shat\u00ebrvanit \u201cTrevi\u201d, ku shfaqet e buz\u00ebqeshur n\u00eb krah t\u00eb Elgitit dhe djalit t\u00eb tyre, Krid.<\/p>\n<p>Klea e ka shoq\u00ebruar imazhin me dedikimin: \u201cG\u00ebzuar dit\u00eblindjen shpirti im, t\u00eb duam shum\u00eb\u201d,<\/p>\n<p><img fetchpriority=\"high\" decoding=\"async\" class=\"alignnone size-full wp-image-202\" src=\"https:\/\/post.gazetatirana.com\/wp-content\/uploads\/2025\/12\/image-39.webp\" alt=\"\" width=\"1053\" height=\"1737\" \/><\/p>\n<p>&nbsp;<\/p>\n<p>fjal\u00eb q\u00eb konfirmojn\u00eb se marr\u00ebdh\u00ebnia e tyre g\u00ebzon sh\u00ebndet t\u00eb plot\u00eb dhe se familja vazhdon t\u00eb jet\u00eb e bashkuar dhe e lumtur.<\/p>\n<div id=\"evind-4100289817\" class=\"evind-aft-content evind-entity-placement\"><script async src=\"https:\/\/pagead2.googlesyndication.com\/pagead\/js\/adsbygoogle.js\"\r\n     crossorigin=\"anonymous\"><\/script>\r\n<ins class=\"adsbygoogle\"\r\n     style=\"display:block; text-align:center;\"\r\n     data-ad-layout=\"in-article\"\r\n     data-ad-format=\"fluid\"\r\n     data-ad-client=\"ca-pub-9502650571429605\"\r\n     data-page-url=\"https:\/\/evindepaketle.com\"\r\n     data-ad-slot=\"5205678616\"><\/ins>\r\n<script>\r\n     (adsbygoogle = window.adsbygoogle || []).push({});\r\n<\/script><\/div>","protected":false},"excerpt":{"rendered":"<p>Pas nj\u00eb periudhe ku n\u00eb mediat roz\u00eb qarkulluan thashetheme t\u00eb shumta p\u00ebr nj\u00eb kriz\u00eb t\u00eb mundshme apo ndarje mes \u00e7iftit t\u00eb njohur, Klea Huta ka reaguar sot duke i shuar p\u00ebrfundimisht t\u00eb gjitha dyshimet. Me rastin e dit\u00eblindjes s\u00eb partnerit t\u00eb saj, kantautorit dhe producentit Elgit Doda, moderatorja ka zgjedhur t\u00eb b\u00ebj\u00eb nj\u00eb urim publik [&hellip;]<\/p>\n","protected":false},"author":1,"featured_media":33911,"comment_status":"open","ping_status":"closed","sticky":false,"template":"","format":"standard","meta":{"jnews-multi-image_gallery":[],"jnews_single_post":[],"jnews_primary_category":[],"jnews_social_meta":[],"jnews_review":[],"enable_review":"","type":"","name":"","summary":"","brand":"","sku":"","good":[],"bad":[],"score_override":"","override_value":"","rating":[],"price":[],"jnews_override_counter":[],"jnews_post_split":[],"footnotes":""},"categories":[44],"tags":[],"class_list":["post-33909","post","type-post","status-publish","format-standard","has-post-thumbnail","hentry","category-tvshow"],"_links":{"self":[{"href":"https:\/\/evindepaketle.com\/wp\/wp-json\/wp\/v2\/posts\/33909","targetHints":{"allow":["GET"]}}],"collection":[{"href":"https:\/\/evindepaketle.com\/wp\/wp-json\/wp\/v2\/posts"}],"about":[{"href":"https:\/\/evindepaketle.com\/wp\/wp-json\/wp\/v2\/types\/post"}],"author":[{"embeddable":true,"href":"https:\/\/evindepaketle.com\/wp\/wp-json\/wp\/v2\/users\/1"}],"replies":[{"embeddable":true,"href":"https:\/\/evindepaketle.com\/wp\/wp-json\/wp\/v2\/comments?post=33909"}],"version-history":[{"count":1,"href":"https:\/\/evindepaketle.com\/wp\/wp-json\/wp\/v2\/posts\/33909\/revisions"}],"predecessor-version":[{"id":33910,"href":"https:\/\/evindepaketle.com\/wp\/wp-json\/wp\/v2\/posts\/33909\/revisions\/33910"}],"wp:featuredmedia":[{"embeddable":true,"href":"https:\/\/evindepaketle.com\/wp\/wp-json\/wp\/v2\/media\/33911"}],"wp:attachment":[{"href":"https:\/\/evindepaketle.com\/wp\/wp-json\/wp\/v2\/media?parent=33909"}],"wp:term":[{"taxonomy":"category","embeddable":true,"href":"https:\/\/evindepaketle.com\/wp\/wp-json\/wp\/v2\/categories?post=33909"},{"taxonomy":"post_tag","embeddable":true,"href":"https:\/\/evindepaketle.com\/wp\/wp-json\/wp\/v2\/tags?post=33909"}],"curies":[{"name":"wp","href":"https:\/\/api.w.org\/{rel}","templated":true}]}}