{"id":33870,"date":"2025-12-16T08:53:59","date_gmt":"2025-12-16T08:53:59","guid":{"rendered":"https:\/\/evindepaketle.com\/wp\/?p=33870"},"modified":"2025-12-16T08:54:00","modified_gmt":"2025-12-16T08:54:00","slug":"la-nje-leter-lamtumire-para-se-te-zhdukej-gjendet-trupi-i-pajete-i-23-vjecarit-shqiptar-ne-gjermani","status":"publish","type":"post","link":"https:\/\/evindepaketle.com\/wp\/la-nje-leter-lamtumire-para-se-te-zhdukej-gjendet-trupi-i-pajete-i-23-vjecarit-shqiptar-ne-gjermani\/","title":{"rendered":"La nj\u00eb let\u00ebr lamtumire para se t\u00eb zhdukej, gjendet trupi i pajet\u00eb i 23-vje\u00e7arit shqiptar n\u00eb Gjermani"},"content":{"rendered":"<div id=\"evind-908413746\" class=\"evind-bf-imag-1 evind-entity-placement\"><div id=\"div-gpt-ad-1767907234185-0\" style=\"min-width:300px;min-height:250px;\"><\/div><\/div><p>Nj\u00eb lajm i trisht\u00eb ka mb\u00ebrritur n\u00eb redaksin\u00eb ton\u00eb. Pas rreth nj\u00eb muaji k\u00ebrkimesh, familjar\u00ebt kan\u00eb konfirmuar se Valentin Volaj, 23-vje\u00e7ari nga Mal\u00ebsia e Madhe q\u00eb ishte shpallur i zhdukur n\u00eb Gjermani, \u00ebsht\u00eb gjetur pa shenja jete.<\/p>\n<p>Lajmi \u00ebsht\u00eb b\u00ebr\u00eb i ditur nga t\u00eb af\u00ebrmit e tij p\u00ebrmes rrjeteve sociale, nd\u00ebrsa deri m\u00eb tani nuk jan\u00eb b\u00ebr\u00eb publike rrethanat e sakta t\u00eb ngjarjes. Autoritetet gjermane pritet t\u00eb hedhin drit\u00eb mbi shkaqet e humbjes s\u00eb jet\u00ebs s\u00eb t\u00eb riut.<\/p><div id=\"evind-1244492824\" class=\"evind-aft-img-1 evind-entity-placement\"><div id=\"div-gpt-ad-1767907274482-0\" style=\"min-width:300px;min-height:250px;\"><\/div><\/div>\n<p>Kujtojm\u00eb se Valentin Volaj ishte raportuar i zhdukur nga familjar\u00ebt m\u00eb 9 n\u00ebntor, pasi kishte dal\u00eb nga banesa ku jetonte n\u00eb Bremen rreth or\u00ebs 4 t\u00eb m\u00ebngjesit dhe nuk ishte kthyer m\u00eb.<\/p>\n<p>N\u00eb momentin e zhdukjes, familjar\u00ebt kishin b\u00ebr\u00eb t\u00eb ditur se ai kishte l\u00ebn\u00eb n\u00eb banes\u00eb sendet personale, celularin dhe parat\u00eb, si dhe nj\u00eb let\u00ebr lamtumire p\u00ebr familjen. Sipas tyre, i riu po kalonte nj\u00eb periudh\u00eb t\u00eb v\u00ebshtir\u00eb emocionale dhe p\u00ebrballej me stres dhe gjendje t\u00eb r\u00ebnduar psikologjike.<\/p>\n<p>Pasi u raportua zhdukja, u b\u00eb denoncim n\u00eb policin\u00eb gjermane dhe u k\u00ebrkua ndihma e Ambasad\u00ebs Shqiptare, nd\u00ebrkoh\u00eb q\u00eb k\u00ebrkimet u p\u00ebrqendruan edhe n\u00eb zon\u00ebn Sodenmattsee, ku p\u00ebr fat t\u00eb keq u gjet trupi i tij i pajet\u00eb.<\/p>\n<p>Redaksia jon\u00eb i shpreh ngush\u00ebllimet m\u00eb t\u00eb sinqerta familjes dhe t\u00eb af\u00ebrmve t\u00eb t\u00eb ndjerit n\u00eb k\u00ebt\u00eb moment t\u00eb v\u00ebshtir\u00eb.<\/p>\n<div id=\"evind-2040708517\" class=\"evind-aft-content evind-entity-placement\"><script async src=\"https:\/\/pagead2.googlesyndication.com\/pagead\/js\/adsbygoogle.js\"\r\n     crossorigin=\"anonymous\"><\/script>\r\n<ins class=\"adsbygoogle\"\r\n     style=\"display:block; text-align:center;\"\r\n     data-ad-layout=\"in-article\"\r\n     data-ad-format=\"fluid\"\r\n     data-ad-client=\"ca-pub-9502650571429605\"\r\n     data-page-url=\"https:\/\/evindepaketle.com\"\r\n     data-ad-slot=\"5205678616\"><\/ins>\r\n<script>\r\n     (adsbygoogle = window.adsbygoogle || []).push({});\r\n<\/script><\/div>","protected":false},"excerpt":{"rendered":"<p>Nj\u00eb lajm i trisht\u00eb ka mb\u00ebrritur n\u00eb redaksin\u00eb ton\u00eb. Pas rreth nj\u00eb muaji k\u00ebrkimesh, familjar\u00ebt kan\u00eb konfirmuar se Valentin Volaj, 23-vje\u00e7ari nga Mal\u00ebsia e Madhe q\u00eb ishte shpallur i zhdukur n\u00eb Gjermani, \u00ebsht\u00eb gjetur pa shenja jete. Lajmi \u00ebsht\u00eb b\u00ebr\u00eb i ditur nga t\u00eb af\u00ebrmit e tij p\u00ebrmes rrjeteve sociale, nd\u00ebrsa deri m\u00eb tani nuk [&hellip;]<\/p>\n","protected":false},"author":1,"featured_media":33872,"comment_status":"open","ping_status":"closed","sticky":false,"template":"","format":"standard","meta":{"jnews-multi-image_gallery":[],"jnews_single_post":[],"jnews_primary_category":[],"jnews_social_meta":[],"jnews_review":[],"enable_review":"","type":"","name":"","summary":"","brand":"","sku":"","good":[],"bad":[],"score_override":"","override_value":"","rating":[],"price":[],"jnews_override_counter":[],"jnews_post_split":[],"footnotes":""},"categories":[44],"tags":[],"class_list":["post-33870","post","type-post","status-publish","format-standard","has-post-thumbnail","hentry","category-tvshow"],"_links":{"self":[{"href":"https:\/\/evindepaketle.com\/wp\/wp-json\/wp\/v2\/posts\/33870","targetHints":{"allow":["GET"]}}],"collection":[{"href":"https:\/\/evindepaketle.com\/wp\/wp-json\/wp\/v2\/posts"}],"about":[{"href":"https:\/\/evindepaketle.com\/wp\/wp-json\/wp\/v2\/types\/post"}],"author":[{"embeddable":true,"href":"https:\/\/evindepaketle.com\/wp\/wp-json\/wp\/v2\/users\/1"}],"replies":[{"embeddable":true,"href":"https:\/\/evindepaketle.com\/wp\/wp-json\/wp\/v2\/comments?post=33870"}],"version-history":[{"count":1,"href":"https:\/\/evindepaketle.com\/wp\/wp-json\/wp\/v2\/posts\/33870\/revisions"}],"predecessor-version":[{"id":33871,"href":"https:\/\/evindepaketle.com\/wp\/wp-json\/wp\/v2\/posts\/33870\/revisions\/33871"}],"wp:featuredmedia":[{"embeddable":true,"href":"https:\/\/evindepaketle.com\/wp\/wp-json\/wp\/v2\/media\/33872"}],"wp:attachment":[{"href":"https:\/\/evindepaketle.com\/wp\/wp-json\/wp\/v2\/media?parent=33870"}],"wp:term":[{"taxonomy":"category","embeddable":true,"href":"https:\/\/evindepaketle.com\/wp\/wp-json\/wp\/v2\/categories?post=33870"},{"taxonomy":"post_tag","embeddable":true,"href":"https:\/\/evindepaketle.com\/wp\/wp-json\/wp\/v2\/tags?post=33870"}],"curies":[{"name":"wp","href":"https:\/\/api.w.org\/{rel}","templated":true}]}}