{"id":33596,"date":"2025-12-11T15:43:19","date_gmt":"2025-12-11T15:43:19","guid":{"rendered":"https:\/\/evindepaketle.com\/wp\/?p=33596"},"modified":"2025-12-11T15:43:20","modified_gmt":"2025-12-11T15:43:20","slug":"foto-arbana-osmani-konfuzon-rrjetin-cfare-po-ndodh-mes-saj-dhe-eduartit","status":"publish","type":"post","link":"https:\/\/evindepaketle.com\/wp\/foto-arbana-osmani-konfuzon-rrjetin-cfare-po-ndodh-mes-saj-dhe-eduartit\/","title":{"rendered":"FOTO\/ Arbana Osmani konfuzon rrjetin, \u00e7far\u00eb po ndodh mes saj dhe Eduartit?"},"content":{"rendered":"<div id=\"evind-4113396140\" class=\"evind-bf-imag-1 evind-entity-placement\"><div id=\"div-gpt-ad-1767907234185-0\" style=\"min-width:300px;min-height:250px;\"><\/div><\/div><p>Moderatorja e njohur Arbana Osmani \u00ebsht\u00eb b\u00ebr\u00eb pjes\u00eb e diskutimeve n\u00eb rrjetet sociale pas nj\u00eb detaji q\u00eb nuk u shp\u00ebtoi ndjek\u00ebsve n\u00eb postimin e saj t\u00eb fundit.<\/p>\n<p>N\u00eb nj\u00eb foto t\u00eb publikuar ku shfaqej duke gatuar, u vu re se unaza e fejes\u00ebs ndodhej mbi tavolin\u00eb dhe jo n\u00eb gishtin e saj,<\/p><div id=\"evind-3923177002\" class=\"evind-aft-img-1 evind-entity-placement\"><div id=\"div-gpt-ad-1767907274482-0\" style=\"min-width:300px;min-height:250px;\"><\/div><\/div>\n<p>gj\u00eb q\u00eb nxiti menj\u00ebher\u00eb pyetje dhe dyshime mbi marr\u00ebdh\u00ebnien me partnerin, Eduart Grishaj.<\/p>\n<p>P\u00ebr t\u00eb shuar \u00e7do keqkuptim, moderatorja sqaroi se heqja e unaz\u00ebs \u00ebsht\u00eb nj\u00eb veprim i zakonsh\u00ebm p\u00ebr t\u00eb kur \u00ebsht\u00eb n\u00eb kuzhin\u00eb.<\/p>\n<p>Ajo theksoi se e b\u00ebn k\u00ebt\u00eb p\u00ebr arsye praktike dhe higjiene gjat\u00eb gatimit, duke i dh\u00ebn\u00eb p\u00ebrpar\u00ebsi komoditetit.<\/p>\n<p>Sqarimi i saj i drejtp\u00ebrdrejt\u00eb i dha fund spekulimeve, duke u mir\u00ebpritur nga ndjek\u00ebsit si nj\u00eb veprim krejt\u00ebsisht normal i jet\u00ebs s\u00eb p\u00ebrditshme.<\/p>\n<p>&nbsp;<\/p>\n<p><img fetchpriority=\"high\" decoding=\"async\" class=\"alignnone size-full wp-image-41591\" src=\"https:\/\/post.gazetatirana.com\/wp-content\/uploads\/2025\/12\/A7F49CCA-E2F3-4036-A0D6-6B2B8079BC19.webp\" alt=\"\" width=\"961\" height=\"1626\" \/><\/p>\n<div id=\"evind-949606850\" class=\"evind-aft-content evind-entity-placement\"><script async src=\"https:\/\/pagead2.googlesyndication.com\/pagead\/js\/adsbygoogle.js\"\r\n     crossorigin=\"anonymous\"><\/script>\r\n<ins class=\"adsbygoogle\"\r\n     style=\"display:block; text-align:center;\"\r\n     data-ad-layout=\"in-article\"\r\n     data-ad-format=\"fluid\"\r\n     data-ad-client=\"ca-pub-9502650571429605\"\r\n     data-page-url=\"https:\/\/evindepaketle.com\"\r\n     data-ad-slot=\"5205678616\"><\/ins>\r\n<script>\r\n     (adsbygoogle = window.adsbygoogle || []).push({});\r\n<\/script><\/div>","protected":false},"excerpt":{"rendered":"<p>Moderatorja e njohur Arbana Osmani \u00ebsht\u00eb b\u00ebr\u00eb pjes\u00eb e diskutimeve n\u00eb rrjetet sociale pas nj\u00eb detaji q\u00eb nuk u shp\u00ebtoi ndjek\u00ebsve n\u00eb postimin e saj t\u00eb fundit. N\u00eb nj\u00eb foto t\u00eb publikuar ku shfaqej duke gatuar, u vu re se unaza e fejes\u00ebs ndodhej mbi tavolin\u00eb dhe jo n\u00eb gishtin e saj, gj\u00eb q\u00eb nxiti [&hellip;]<\/p>\n","protected":false},"author":1,"featured_media":33598,"comment_status":"open","ping_status":"closed","sticky":false,"template":"","format":"standard","meta":{"jnews-multi-image_gallery":[],"jnews_single_post":[],"jnews_primary_category":[],"jnews_social_meta":[],"jnews_review":[],"enable_review":"","type":"","name":"","summary":"","brand":"","sku":"","good":[],"bad":[],"score_override":"","override_value":"","rating":[],"price":[],"jnews_override_counter":[],"jnews_post_split":[],"footnotes":""},"categories":[45],"tags":[],"class_list":["post-33596","post","type-post","status-publish","format-standard","has-post-thumbnail","hentry","category-showbizi"],"_links":{"self":[{"href":"https:\/\/evindepaketle.com\/wp\/wp-json\/wp\/v2\/posts\/33596","targetHints":{"allow":["GET"]}}],"collection":[{"href":"https:\/\/evindepaketle.com\/wp\/wp-json\/wp\/v2\/posts"}],"about":[{"href":"https:\/\/evindepaketle.com\/wp\/wp-json\/wp\/v2\/types\/post"}],"author":[{"embeddable":true,"href":"https:\/\/evindepaketle.com\/wp\/wp-json\/wp\/v2\/users\/1"}],"replies":[{"embeddable":true,"href":"https:\/\/evindepaketle.com\/wp\/wp-json\/wp\/v2\/comments?post=33596"}],"version-history":[{"count":1,"href":"https:\/\/evindepaketle.com\/wp\/wp-json\/wp\/v2\/posts\/33596\/revisions"}],"predecessor-version":[{"id":33597,"href":"https:\/\/evindepaketle.com\/wp\/wp-json\/wp\/v2\/posts\/33596\/revisions\/33597"}],"wp:featuredmedia":[{"embeddable":true,"href":"https:\/\/evindepaketle.com\/wp\/wp-json\/wp\/v2\/media\/33598"}],"wp:attachment":[{"href":"https:\/\/evindepaketle.com\/wp\/wp-json\/wp\/v2\/media?parent=33596"}],"wp:term":[{"taxonomy":"category","embeddable":true,"href":"https:\/\/evindepaketle.com\/wp\/wp-json\/wp\/v2\/categories?post=33596"},{"taxonomy":"post_tag","embeddable":true,"href":"https:\/\/evindepaketle.com\/wp\/wp-json\/wp\/v2\/tags?post=33596"}],"curies":[{"name":"wp","href":"https:\/\/api.w.org\/{rel}","templated":true}]}}