{"id":33522,"date":"2025-12-10T14:11:25","date_gmt":"2025-12-10T14:11:25","guid":{"rendered":"https:\/\/evindepaketle.com\/wp\/?p=33522"},"modified":"2025-12-10T14:11:26","modified_gmt":"2025-12-10T14:11:26","slug":"reagon-joz-marku-a-do-te-jete-opinionist-ne-sezonin-e-ri-te-bbva","status":"publish","type":"post","link":"https:\/\/evindepaketle.com\/wp\/reagon-joz-marku-a-do-te-jete-opinionist-ne-sezonin-e-ri-te-bbva\/","title":{"rendered":"Reagon Joz Marku: A do t\u00eb jet\u00eb opinionist n\u00eb sezonin e ri t\u00eb BBVA?"},"content":{"rendered":"<div id=\"evind-535002005\" class=\"evind-bf-imag-1 evind-entity-placement\"><div id=\"div-gpt-ad-1767907234185-0\" style=\"min-width:300px;min-height:250px;\"><\/div><\/div><p>Emri i Joz Markut \u00ebsht\u00eb lakuar s\u00eb fundmi si nj\u00eb nga kandidat\u00ebt e mundsh\u00ebm p\u00ebr t\u00eb qen\u00eb opinionist n\u00eb formatin televiziv, duke nxitur nj\u00eb reagim t\u00eb drejtp\u00ebrdrejt\u00eb prej tij.<\/p>\n<p>Gjat\u00eb nj\u00eb lidhjeje telefonike n\u00eb emisionin \u201cGoca dhe Gra\u201d, ai u p\u00ebrball me pyetjen n\u00ebse do t\u2019i bashkohet panelit t\u00eb \u201cBig Brother VIP Albania Fan Club\u201d n\u00eb sezonin e ri.<\/p><div id=\"evind-1572198286\" class=\"evind-aft-img-1 evind-entity-placement\"><div id=\"div-gpt-ad-1767907274482-0\" style=\"min-width:300px;min-height:250px;\"><\/div><\/div>\n<p>N\u00eb vend t\u00eb nj\u00eb konfirmimi apo mohimi t\u00eb prer\u00eb, Marku zgjodhi t\u00eb jap\u00eb nj\u00eb p\u00ebrgjigje evazive, duke mos zbuluar detaje konkrete mbi angazhimin e tij, por pa e p\u00ebrjashtuar si mund\u00ebsi.<\/p>\n<p>\u201cUrime dhe suksese p\u00ebr kolegen (Fran\u00e7eska Murati). Edhe jam edhe s\u2019jam. Akoma nuk kam firmos ndonj\u00eb kontrat\u00eb, m\u00eb mir\u00eb pyesni Fran\u00e7esk\u00ebn\u201d, tha ai.<\/p>\n<p>Kjo m\u00ebnyr\u00eb komunikimi ka shtuar edhe m\u00eb tej dyshimet e publikut, duke e l\u00ebn\u00eb ende pezull zyrtarizimin e emrit t\u00eb tij n\u00eb k\u00ebt\u00eb pozicion.<\/p>\n<div id=\"evind-3638340519\" class=\"evind-aft-content evind-entity-placement\"><script async src=\"https:\/\/pagead2.googlesyndication.com\/pagead\/js\/adsbygoogle.js\"\r\n     crossorigin=\"anonymous\"><\/script>\r\n<ins class=\"adsbygoogle\"\r\n     style=\"display:block; text-align:center;\"\r\n     data-ad-layout=\"in-article\"\r\n     data-ad-format=\"fluid\"\r\n     data-ad-client=\"ca-pub-9502650571429605\"\r\n     data-page-url=\"https:\/\/evindepaketle.com\"\r\n     data-ad-slot=\"5205678616\"><\/ins>\r\n<script>\r\n     (adsbygoogle = window.adsbygoogle || []).push({});\r\n<\/script><\/div>","protected":false},"excerpt":{"rendered":"<p>Emri i Joz Markut \u00ebsht\u00eb lakuar s\u00eb fundmi si nj\u00eb nga kandidat\u00ebt e mundsh\u00ebm p\u00ebr t\u00eb qen\u00eb opinionist n\u00eb formatin televiziv, duke nxitur nj\u00eb reagim t\u00eb drejtp\u00ebrdrejt\u00eb prej tij. Gjat\u00eb nj\u00eb lidhjeje telefonike n\u00eb emisionin \u201cGoca dhe Gra\u201d, ai u p\u00ebrball me pyetjen n\u00ebse do t\u2019i bashkohet panelit t\u00eb \u201cBig Brother VIP Albania Fan Club\u201d [&hellip;]<\/p>\n","protected":false},"author":1,"featured_media":33524,"comment_status":"open","ping_status":"closed","sticky":false,"template":"","format":"standard","meta":{"jnews-multi-image_gallery":[],"jnews_single_post":[],"jnews_primary_category":[],"jnews_social_meta":[],"jnews_review":[],"enable_review":"","type":"","name":"","summary":"","brand":"","sku":"","good":[],"bad":[],"score_override":"","override_value":"","rating":[],"price":[],"jnews_override_counter":[],"jnews_post_split":[],"footnotes":""},"categories":[44],"tags":[],"class_list":["post-33522","post","type-post","status-publish","format-standard","has-post-thumbnail","hentry","category-tvshow"],"_links":{"self":[{"href":"https:\/\/evindepaketle.com\/wp\/wp-json\/wp\/v2\/posts\/33522","targetHints":{"allow":["GET"]}}],"collection":[{"href":"https:\/\/evindepaketle.com\/wp\/wp-json\/wp\/v2\/posts"}],"about":[{"href":"https:\/\/evindepaketle.com\/wp\/wp-json\/wp\/v2\/types\/post"}],"author":[{"embeddable":true,"href":"https:\/\/evindepaketle.com\/wp\/wp-json\/wp\/v2\/users\/1"}],"replies":[{"embeddable":true,"href":"https:\/\/evindepaketle.com\/wp\/wp-json\/wp\/v2\/comments?post=33522"}],"version-history":[{"count":1,"href":"https:\/\/evindepaketle.com\/wp\/wp-json\/wp\/v2\/posts\/33522\/revisions"}],"predecessor-version":[{"id":33523,"href":"https:\/\/evindepaketle.com\/wp\/wp-json\/wp\/v2\/posts\/33522\/revisions\/33523"}],"wp:featuredmedia":[{"embeddable":true,"href":"https:\/\/evindepaketle.com\/wp\/wp-json\/wp\/v2\/media\/33524"}],"wp:attachment":[{"href":"https:\/\/evindepaketle.com\/wp\/wp-json\/wp\/v2\/media?parent=33522"}],"wp:term":[{"taxonomy":"category","embeddable":true,"href":"https:\/\/evindepaketle.com\/wp\/wp-json\/wp\/v2\/categories?post=33522"},{"taxonomy":"post_tag","embeddable":true,"href":"https:\/\/evindepaketle.com\/wp\/wp-json\/wp\/v2\/tags?post=33522"}],"curies":[{"name":"wp","href":"https:\/\/api.w.org\/{rel}","templated":true}]}}