{"id":33489,"date":"2025-12-09T20:13:37","date_gmt":"2025-12-09T20:13:37","guid":{"rendered":"https:\/\/evindepaketle.com\/wp\/?p=33489"},"modified":"2025-12-09T20:13:38","modified_gmt":"2025-12-09T20:13:38","slug":"nuse-familja-e-edit-reagon-pas-kthimit-te-dolces-ne-bbvk","status":"publish","type":"post","link":"https:\/\/evindepaketle.com\/wp\/nuse-familja-e-edit-reagon-pas-kthimit-te-dolces-ne-bbvk\/","title":{"rendered":"\u2018Nuse\u2019, familja e Edit reagon pas kthimit t\u00eb Dolces n\u00eb BBVK"},"content":{"rendered":"<div id=\"evind-3794990813\" class=\"evind-bf-imag-1 evind-entity-placement\"><div id=\"div-gpt-ad-1767907234185-0\" style=\"min-width:300px;min-height:250px;\"><\/div><\/div><p>Ndarja e shkurt\u00ebr mori fund mbr\u00ebmjen e kaluar n\u00eb sht\u00ebpin\u00eb e Big Brother VIP Kosova.<\/p>\n<p>Dolce u rikthye n\u00eb sht\u00ebpin\u00eb ku nisi rrug\u00ebtimin e saj, vet\u00ebm nj\u00eb jav\u00eb pasi kishte q\u00ebndruar si e ftuar speciale n\u00eb edicionin Italian t\u00eb Grande Fratello.<\/p><div id=\"evind-260478820\" class=\"evind-aft-img-1 evind-entity-placement\"><div id=\"div-gpt-ad-1767907274482-0\" style=\"min-width:300px;min-height:250px;\"><\/div><\/div>\n<p>Rikthimi i saj ishte nj\u00eb surpriz\u00eb e k\u00ebndshme si p\u00ebr banor\u00ebt, ashtu edhe p\u00ebr publikun, duke sjell\u00eb energji t\u00eb re n\u00eb loj\u00eb.<\/p>\n<p>Ky rikthim emocionues nuk kaloi pa u komentuar edhe nga familjar\u00ebt e partnerit t\u00eb saj, Edit.<\/p>\n<p>Menj\u00ebher\u00eb pas hyrjes s\u00eb Dolc\u00ebs, ata shfryt\u00ebzuan platform\u00ebn e Instagram Story p\u00ebr t\u00eb shprehur g\u00ebzimin dhe mb\u00ebshtetjen e tyre.<\/p>\n<p>N\u00eb nj\u00eb postim t\u00eb shp\u00ebrndar\u00eb, u theksua bukuria dhe paraqitja e saj, shoq\u00ebruar me mbishkrimin: \u201cE bukur na ka dal nusja, marshallah, marshallah\u201d, duke d\u00ebshmuar mir\u00ebseardhjen e ngroht\u00eb q\u00eb i b\u00ebri familja e Edit p\u00ebr rikthimin e saj pran\u00eb Edit.<\/p>\n<p><img fetchpriority=\"high\" decoding=\"async\" class=\"alignnone size-full wp-image-41384\" src=\"https:\/\/post.gazetatirana.com\/wp-content\/uploads\/2025\/12\/edi-instagram.webp\" alt=\"\" width=\"1126\" height=\"1673\" \/><br \/>\nP\u00ebrve\u00e7 familjar\u00ebve, edhe partneri i saj, Edi, shprehu g\u00ebzimin e tij t\u00eb pap\u00ebrmbajtur p\u00ebr kthimin e Dolc\u00ebs n\u00eb sht\u00ebpin\u00eb e BBVK.<\/p>\n<p>Rikthimi i saj pritej me padurim nga ai, dhe emocionet ishin t\u00eb dukshme kur t\u00eb dy u ribashkuan pas disa dit\u00ebsh q\u00ebndrimi larg nj\u00ebri tjetrit. \/Prive By Liberta Spahiu<\/p>\n<p><img decoding=\"async\" class=\"alignnone size-full wp-image-41385\" src=\"https:\/\/post.gazetatirana.com\/wp-content\/uploads\/2025\/12\/edi-instagram-1.webp\" alt=\"\" width=\"1073\" height=\"1730\" \/><\/p>\n<div id=\"evind-3923335117\" class=\"evind-aft-content evind-entity-placement\"><script async src=\"https:\/\/pagead2.googlesyndication.com\/pagead\/js\/adsbygoogle.js\"\r\n     crossorigin=\"anonymous\"><\/script>\r\n<ins class=\"adsbygoogle\"\r\n     style=\"display:block; text-align:center;\"\r\n     data-ad-layout=\"in-article\"\r\n     data-ad-format=\"fluid\"\r\n     data-ad-client=\"ca-pub-9502650571429605\"\r\n     data-page-url=\"https:\/\/evindepaketle.com\"\r\n     data-ad-slot=\"5205678616\"><\/ins>\r\n<script>\r\n     (adsbygoogle = window.adsbygoogle || []).push({});\r\n<\/script><\/div>","protected":false},"excerpt":{"rendered":"<p>Ndarja e shkurt\u00ebr mori fund mbr\u00ebmjen e kaluar n\u00eb sht\u00ebpin\u00eb e Big Brother VIP Kosova. Dolce u rikthye n\u00eb sht\u00ebpin\u00eb ku nisi rrug\u00ebtimin e saj, vet\u00ebm nj\u00eb jav\u00eb pasi kishte q\u00ebndruar si e ftuar speciale n\u00eb edicionin Italian t\u00eb Grande Fratello. Rikthimi i saj ishte nj\u00eb surpriz\u00eb e k\u00ebndshme si p\u00ebr banor\u00ebt, ashtu edhe p\u00ebr [&hellip;]<\/p>\n","protected":false},"author":1,"featured_media":33491,"comment_status":"open","ping_status":"closed","sticky":false,"template":"","format":"standard","meta":{"jnews-multi-image_gallery":[],"jnews_single_post":[],"jnews_primary_category":[],"jnews_social_meta":[],"jnews_review":[],"enable_review":"","type":"","name":"","summary":"","brand":"","sku":"","good":[],"bad":[],"score_override":"","override_value":"","rating":[],"price":[],"jnews_override_counter":[],"jnews_post_split":[],"footnotes":""},"categories":[45],"tags":[],"class_list":["post-33489","post","type-post","status-publish","format-standard","has-post-thumbnail","hentry","category-showbizi"],"_links":{"self":[{"href":"https:\/\/evindepaketle.com\/wp\/wp-json\/wp\/v2\/posts\/33489","targetHints":{"allow":["GET"]}}],"collection":[{"href":"https:\/\/evindepaketle.com\/wp\/wp-json\/wp\/v2\/posts"}],"about":[{"href":"https:\/\/evindepaketle.com\/wp\/wp-json\/wp\/v2\/types\/post"}],"author":[{"embeddable":true,"href":"https:\/\/evindepaketle.com\/wp\/wp-json\/wp\/v2\/users\/1"}],"replies":[{"embeddable":true,"href":"https:\/\/evindepaketle.com\/wp\/wp-json\/wp\/v2\/comments?post=33489"}],"version-history":[{"count":1,"href":"https:\/\/evindepaketle.com\/wp\/wp-json\/wp\/v2\/posts\/33489\/revisions"}],"predecessor-version":[{"id":33490,"href":"https:\/\/evindepaketle.com\/wp\/wp-json\/wp\/v2\/posts\/33489\/revisions\/33490"}],"wp:featuredmedia":[{"embeddable":true,"href":"https:\/\/evindepaketle.com\/wp\/wp-json\/wp\/v2\/media\/33491"}],"wp:attachment":[{"href":"https:\/\/evindepaketle.com\/wp\/wp-json\/wp\/v2\/media?parent=33489"}],"wp:term":[{"taxonomy":"category","embeddable":true,"href":"https:\/\/evindepaketle.com\/wp\/wp-json\/wp\/v2\/categories?post=33489"},{"taxonomy":"post_tag","embeddable":true,"href":"https:\/\/evindepaketle.com\/wp\/wp-json\/wp\/v2\/tags?post=33489"}],"curies":[{"name":"wp","href":"https:\/\/api.w.org\/{rel}","templated":true}]}}