{"id":33258,"date":"2025-12-05T21:13:06","date_gmt":"2025-12-05T21:13:06","guid":{"rendered":"https:\/\/evindepaketle.com\/wp\/?p=33258"},"modified":"2025-12-05T21:13:07","modified_gmt":"2025-12-05T21:13:07","slug":"banori-me-i-ri-i-big-brother-vip-kengetari-i-muzikes-popullore-i-thote-po-fteses","status":"publish","type":"post","link":"https:\/\/evindepaketle.com\/wp\/banori-me-i-ri-i-big-brother-vip-kengetari-i-muzikes-popullore-i-thote-po-fteses\/","title":{"rendered":"Banori m\u00eb i ri i Big Brother Vip! K\u00ebng\u00ebtari i muzik\u00ebs popullore i thot\u00eb \u201cPO\u201d ftes\u00ebs"},"content":{"rendered":"<div id=\"evind-2216440811\" class=\"evind-bf-imag-1 evind-entity-placement\"><div id=\"div-gpt-ad-1767907234185-0\" style=\"min-width:300px;min-height:250px;\"><\/div><\/div><p>Prej disa jav\u00ebsh tashm\u00eb emri i Kristi Lamajt ka q\u00ebn\u00eb n\u00eb qend\u00ebr t\u00eb v\u00ebmendjes si nj\u00eb nd\u00ebr kandidat\u00ebt m\u00eb t\u00eb mundsh\u00ebm p\u00ebr t\u2019u b\u00ebr\u00eb pjes\u00eb e edicionit t\u00eb pest\u00eb t\u00eb Big Brother VIP Albania.<\/p>\n<p>Por me sa duket thshethemet po marrin form\u00eb konkrete pasi,<\/p><div id=\"evind-3822365575\" class=\"evind-aft-img-1 evind-entity-placement\"><div id=\"div-gpt-ad-1767907274482-0\" style=\"min-width:300px;min-height:250px;\"><\/div><\/div>\n<p>k\u00ebng\u00ebtarri i njohur i muzik\u00ebs popullore \u00ebsht\u00eb kontaktuar nga stafi i Big Brother dhe i ka th\u00ebn\u00eb \u201cpo\u201d ftes\u00ebs p\u00ebr t\u00eb q\u00ebn\u00eb pjes\u00eb e reallity show-t,<\/p>\n<p>t\u00eb k\u00ebtij sezoni i cili pritet t\u00eb nis\u00eb shum\u00eb shpejt\u00eb, sipas raportimeve t\u00eb Prive By Liberta Spahiu.<\/p>\n<p>Data e p\u00ebrcaktuar p\u00ebr nisjen e spektaklit \u00ebsht\u00eb 20 dhjetori.<\/p>\n<p><img fetchpriority=\"high\" decoding=\"async\" class=\"alignnone size-full wp-image-40951\" src=\"https:\/\/post.gazetatirana.com\/wp-content\/uploads\/2025\/12\/kristi-lama.webp\" alt=\"\" width=\"1329\" height=\"740\" \/><\/p>\n<div id=\"evind-1649213713\" class=\"evind-aft-content evind-entity-placement\"><script async src=\"https:\/\/pagead2.googlesyndication.com\/pagead\/js\/adsbygoogle.js\"\r\n     crossorigin=\"anonymous\"><\/script>\r\n<ins class=\"adsbygoogle\"\r\n     style=\"display:block; text-align:center;\"\r\n     data-ad-layout=\"in-article\"\r\n     data-ad-format=\"fluid\"\r\n     data-ad-client=\"ca-pub-9502650571429605\"\r\n     data-page-url=\"https:\/\/evindepaketle.com\"\r\n     data-ad-slot=\"5205678616\"><\/ins>\r\n<script>\r\n     (adsbygoogle = window.adsbygoogle || []).push({});\r\n<\/script><\/div>","protected":false},"excerpt":{"rendered":"<p>Prej disa jav\u00ebsh tashm\u00eb emri i Kristi Lamajt ka q\u00ebn\u00eb n\u00eb qend\u00ebr t\u00eb v\u00ebmendjes si nj\u00eb nd\u00ebr kandidat\u00ebt m\u00eb t\u00eb mundsh\u00ebm p\u00ebr t\u2019u b\u00ebr\u00eb pjes\u00eb e edicionit t\u00eb pest\u00eb t\u00eb Big Brother VIP Albania. Por me sa duket thshethemet po marrin form\u00eb konkrete pasi, k\u00ebng\u00ebtarri i njohur i muzik\u00ebs popullore \u00ebsht\u00eb kontaktuar nga stafi i [&hellip;]<\/p>\n","protected":false},"author":1,"featured_media":33260,"comment_status":"open","ping_status":"closed","sticky":false,"template":"","format":"standard","meta":{"jnews-multi-image_gallery":[],"jnews_single_post":[],"jnews_primary_category":[],"jnews_social_meta":[],"jnews_review":[],"enable_review":"","type":"","name":"","summary":"","brand":"","sku":"","good":[],"bad":[],"score_override":"","override_value":"","rating":[],"price":[],"jnews_override_counter":[],"jnews_post_split":[],"footnotes":""},"categories":[45],"tags":[63,2187],"class_list":["post-33258","post","type-post","status-publish","format-standard","has-post-thumbnail","hentry","category-showbizi","tag-bbva","tag-kristi-lama"],"_links":{"self":[{"href":"https:\/\/evindepaketle.com\/wp\/wp-json\/wp\/v2\/posts\/33258","targetHints":{"allow":["GET"]}}],"collection":[{"href":"https:\/\/evindepaketle.com\/wp\/wp-json\/wp\/v2\/posts"}],"about":[{"href":"https:\/\/evindepaketle.com\/wp\/wp-json\/wp\/v2\/types\/post"}],"author":[{"embeddable":true,"href":"https:\/\/evindepaketle.com\/wp\/wp-json\/wp\/v2\/users\/1"}],"replies":[{"embeddable":true,"href":"https:\/\/evindepaketle.com\/wp\/wp-json\/wp\/v2\/comments?post=33258"}],"version-history":[{"count":1,"href":"https:\/\/evindepaketle.com\/wp\/wp-json\/wp\/v2\/posts\/33258\/revisions"}],"predecessor-version":[{"id":33259,"href":"https:\/\/evindepaketle.com\/wp\/wp-json\/wp\/v2\/posts\/33258\/revisions\/33259"}],"wp:featuredmedia":[{"embeddable":true,"href":"https:\/\/evindepaketle.com\/wp\/wp-json\/wp\/v2\/media\/33260"}],"wp:attachment":[{"href":"https:\/\/evindepaketle.com\/wp\/wp-json\/wp\/v2\/media?parent=33258"}],"wp:term":[{"taxonomy":"category","embeddable":true,"href":"https:\/\/evindepaketle.com\/wp\/wp-json\/wp\/v2\/categories?post=33258"},{"taxonomy":"post_tag","embeddable":true,"href":"https:\/\/evindepaketle.com\/wp\/wp-json\/wp\/v2\/tags?post=33258"}],"curies":[{"name":"wp","href":"https:\/\/api.w.org\/{rel}","templated":true}]}}