{"id":33081,"date":"2025-12-03T16:46:10","date_gmt":"2025-12-03T16:46:10","guid":{"rendered":"https:\/\/evindepaketle.com\/wp\/?p=33081"},"modified":"2025-12-03T16:46:11","modified_gmt":"2025-12-03T16:46:11","slug":"ngjarje-e-rende-ne-itali-shqiptarja-rrihet-per-vdkje-nga-bashkeshorti","status":"publish","type":"post","link":"https:\/\/evindepaketle.com\/wp\/ngjarje-e-rende-ne-itali-shqiptarja-rrihet-per-vdkje-nga-bashkeshorti\/","title":{"rendered":"Ngjarje e r\u00ebnd\u00eb n\u00eb Itali, shqiptarja rrihet p\u00ebr vd*kje nga bashk\u00ebshorti"},"content":{"rendered":"<div id=\"evind-1125848701\" class=\"evind-bf-imag-1 evind-entity-placement\"><div id=\"div-gpt-ad-1767907234185-0\" style=\"min-width:300px;min-height:250px;\"><\/div><\/div><p>Shqiptar\u00ebt vijojn\u00eb t\u00eb tronditin Italin\u00eb kur vjen puna te krimet n\u00eb familje.<\/p>\n<p>Nj\u00eb 49-vje\u00e7are shqiptaro-maqedonase \u00ebsht\u00eb rrahur p\u00ebr vdekje nga bashk\u00ebshorti i saj. Sipas mediave italian\u00ebe Sadjide Muslija nga Maqedonia e Veriut, u gjet e pajet\u00eb n\u00eb banes\u00ebn e saj n\u00eb Pianello Vallesina, nj\u00eb fshat i vog\u00ebl i Monte Roberto n\u00eb provinc\u00ebn e Ankon\u00ebs.<\/p><div id=\"evind-719058576\" class=\"evind-aft-img-1 evind-entity-placement\"><div id=\"div-gpt-ad-1767907274482-0\" style=\"min-width:300px;min-height:250px;\"><\/div><\/div>\n<p>Ajo u gjet me shenja t\u00eb shumta dhune, teksa n\u00eb k\u00ebrkim \u00ebsht\u00eb shpallur burri i saj Nazif Muslija, 50 vje\u00e7.<\/p>\n<p>Oficer\u00ebt e gjet\u00ebn at\u00eb t\u00eb pajet\u00eb n\u00eb shtrat me shenja rrahjesh dhe l\u00ebndime t\u00eb dukshme n\u00eb kok\u00eb. Pun\u00ebdh\u00ebn\u00ebsi i saj kishte njoftuar policin\u00eb kur ajo nuk kishte mb\u00ebrritur.<\/p>\n<p>\u00c7ifti ishte n\u00eb proces divorci, teksa sipas mediave italiane, ai ishte rikthyer t\u00eb jetonte me t\u00eb pavar\u00ebsisht ndarjes. Ai rezulton me precedent t\u00eb m\u00ebparsh\u00ebm. Pasi ka pasur disa her\u00eb denoncime nga 49-vje\u00e7arja p\u00ebr dhun\u00eb fizike nga bashk\u00ebshorti. N\u00eb prill ai rezulton t\u00eb jet\u00eb arrestuar p\u00ebr dhun\u00eb.<\/p>\n<p>Ai shkat\u00ebrroi der\u00ebn e dhom\u00ebs s\u00eb gjumit me nj\u00eb s\u00ebpat\u00eb, pasi Muslija ishte strehuar n\u00eb sht\u00ebpin\u00eb e nj\u00eb fqinji dhe ai dyshonte p\u00ebr tradhti.<\/p>\n<p>Viktima raportoi se ishte abuzuar fizikisht nga bashk\u00ebshorti i saj p\u00ebr dy vjet. Korrikun e kaluar, burri arriti nj\u00eb marr\u00ebveshje pranimi faj\u00ebsie dhe \u00e7ifti m\u00eb pas u ribashkua.<\/p>\n<div id=\"evind-3819984502\" class=\"evind-aft-content evind-entity-placement\"><script async src=\"https:\/\/pagead2.googlesyndication.com\/pagead\/js\/adsbygoogle.js\"\r\n     crossorigin=\"anonymous\"><\/script>\r\n<ins class=\"adsbygoogle\"\r\n     style=\"display:block; text-align:center;\"\r\n     data-ad-layout=\"in-article\"\r\n     data-ad-format=\"fluid\"\r\n     data-ad-client=\"ca-pub-9502650571429605\"\r\n     data-page-url=\"https:\/\/evindepaketle.com\"\r\n     data-ad-slot=\"5205678616\"><\/ins>\r\n<script>\r\n     (adsbygoogle = window.adsbygoogle || []).push({});\r\n<\/script><\/div>","protected":false},"excerpt":{"rendered":"<p>Shqiptar\u00ebt vijojn\u00eb t\u00eb tronditin Italin\u00eb kur vjen puna te krimet n\u00eb familje. Nj\u00eb 49-vje\u00e7are shqiptaro-maqedonase \u00ebsht\u00eb rrahur p\u00ebr vdekje nga bashk\u00ebshorti i saj. Sipas mediave italian\u00ebe Sadjide Muslija nga Maqedonia e Veriut, u gjet e pajet\u00eb n\u00eb banes\u00ebn e saj n\u00eb Pianello Vallesina, nj\u00eb fshat i vog\u00ebl i Monte Roberto n\u00eb provinc\u00ebn e Ankon\u00ebs. Ajo [&hellip;]<\/p>\n","protected":false},"author":1,"featured_media":33083,"comment_status":"open","ping_status":"closed","sticky":false,"template":"","format":"standard","meta":{"jnews-multi-image_gallery":[],"jnews_single_post":[],"jnews_primary_category":[],"jnews_social_meta":[],"jnews_review":[],"enable_review":"","type":"","name":"","summary":"","brand":"","sku":"","good":[],"bad":[],"score_override":"","override_value":"","rating":[],"price":[],"jnews_override_counter":[],"jnews_post_split":[],"footnotes":""},"categories":[44],"tags":[],"class_list":["post-33081","post","type-post","status-publish","format-standard","has-post-thumbnail","hentry","category-tvshow"],"_links":{"self":[{"href":"https:\/\/evindepaketle.com\/wp\/wp-json\/wp\/v2\/posts\/33081","targetHints":{"allow":["GET"]}}],"collection":[{"href":"https:\/\/evindepaketle.com\/wp\/wp-json\/wp\/v2\/posts"}],"about":[{"href":"https:\/\/evindepaketle.com\/wp\/wp-json\/wp\/v2\/types\/post"}],"author":[{"embeddable":true,"href":"https:\/\/evindepaketle.com\/wp\/wp-json\/wp\/v2\/users\/1"}],"replies":[{"embeddable":true,"href":"https:\/\/evindepaketle.com\/wp\/wp-json\/wp\/v2\/comments?post=33081"}],"version-history":[{"count":1,"href":"https:\/\/evindepaketle.com\/wp\/wp-json\/wp\/v2\/posts\/33081\/revisions"}],"predecessor-version":[{"id":33082,"href":"https:\/\/evindepaketle.com\/wp\/wp-json\/wp\/v2\/posts\/33081\/revisions\/33082"}],"wp:featuredmedia":[{"embeddable":true,"href":"https:\/\/evindepaketle.com\/wp\/wp-json\/wp\/v2\/media\/33083"}],"wp:attachment":[{"href":"https:\/\/evindepaketle.com\/wp\/wp-json\/wp\/v2\/media?parent=33081"}],"wp:term":[{"taxonomy":"category","embeddable":true,"href":"https:\/\/evindepaketle.com\/wp\/wp-json\/wp\/v2\/categories?post=33081"},{"taxonomy":"post_tag","embeddable":true,"href":"https:\/\/evindepaketle.com\/wp\/wp-json\/wp\/v2\/tags?post=33081"}],"curies":[{"name":"wp","href":"https:\/\/api.w.org\/{rel}","templated":true}]}}