{"id":32803,"date":"2025-11-30T09:37:16","date_gmt":"2025-11-30T09:37:16","guid":{"rendered":"https:\/\/evindepaketle.com\/wp\/?p=32803"},"modified":"2025-11-30T09:37:17","modified_gmt":"2025-11-30T09:37:17","slug":"do-humbasesh-si-para-ca-vitesh-reagon-serish-alketa-vejsiu-pas-deklarates-se-forte-te-olsa-muhametit","status":"publish","type":"post","link":"https:\/\/evindepaketle.com\/wp\/do-humbasesh-si-para-ca-vitesh-reagon-serish-alketa-vejsiu-pas-deklarates-se-forte-te-olsa-muhametit\/","title":{"rendered":"\u201cDo humbas\u00ebsh si para ca vitesh\u201d- Reagon s\u00ebrish Alketa Vejsiu pas deklarat\u00ebs s\u00eb fort\u00eb t\u00eb Olsa Muhametit"},"content":{"rendered":"<div id=\"evind-3577660397\" class=\"evind-bf-imag-1 evind-entity-placement\"><div id=\"div-gpt-ad-1767907234185-0\" style=\"min-width:300px;min-height:250px;\"><\/div><\/div><p>Debati i nxeht\u00eb virtual mes moderatores Alketa Vejsiu dhe producentes s\u00eb \u201cBig Brother VIP Kosova\u201d, Olsa Muhameti, ka vijuar me nj\u00eb tjet\u00ebr kapitull.<\/p>\n<p>P\u00ebrplasja nisi pasi Vejsiu kritikoi ashp\u00ebr formatin n\u00eb Kosov\u00eb, duke e cil\u00ebsuar si \u201cp*rno n\u00eb mes t\u00eb dit\u00ebs\u201d dhe \u201cvulgaritet\u201d.<\/p><div id=\"evind-943687146\" class=\"evind-aft-img-1 evind-entity-placement\"><div id=\"div-gpt-ad-1767907274482-0\" style=\"min-width:300px;min-height:250px;\"><\/div><\/div>\n<p>Kjo deklarat\u00eb solli kund\u00ebrp\u00ebrgjigjen e ashp\u00ebr t\u00eb Muhametit, e cila e sulmoi personalisht Alketa Vejsiun duke e quajtur \u201cfake\u201d dhe \u201cmbret\u00ebresh\u00eb t\u00eb programeve t\u00eb vyshkura\u201d.<\/p>\n<p><img fetchpriority=\"high\" decoding=\"async\" class=\"alignnone size-full wp-image-40216\" src=\"https:\/\/post.gazetatirana.com\/wp-content\/uploads\/2025\/11\/alketa-vejsiu-story.webp\" alt=\"\" width=\"1080\" height=\"1842\" \/><\/p>\n<p>S\u00eb fundmi, e pyetur s\u00ebrish nga ndjek\u00ebsit n\u00eb Instagram se \u00e7far\u00eb p\u00ebrgjigje ka p\u00ebr k\u00ebt\u00eb reagim t\u00eb Ols\u00ebs, Alketa ka zgjedhur t\u00eb mos b\u00ebj\u00eb m\u00eb analiza t\u00eb gjata, por t\u00eb jap\u00eb nj\u00eb p\u00ebrgjigje lakonike dhe thumbuese.<\/p>\n<p><img decoding=\"async\" class=\"alignnone size-full wp-image-40217\" src=\"https:\/\/post.gazetatirana.com\/wp-content\/uploads\/2025\/11\/olsa-muhameti-1.webp\" alt=\"\" width=\"1078\" height=\"1798\" \/><\/p>\n<p>Ajo shkroi vet\u00ebm nj\u00eb fjali: \u201cA dhe O nuk perputhen!\u201d.<\/p>\n<p><img decoding=\"async\" class=\"alignnone size-full wp-image-40218\" src=\"https:\/\/post.gazetatirana.com\/wp-content\/uploads\/2025\/11\/alketa-vejsiua-story-.webp\" alt=\"\" width=\"1081\" height=\"1348\" \/><\/p>\n<p>Me k\u00ebt\u00eb reagim, moderatorja duket se ka dashur t\u00eb mbyll\u00eb diskutimin, duke n\u00ebnkuptuar qart\u00eb se bota dhe vizioni i saj (A) me at\u00eb t\u00eb Ols\u00ebs (O) jan\u00eb diametralisht t\u00eb kund\u00ebrta dhe nuk kan\u00eb asnj\u00eb pik\u00eb takimi apo \u201cp\u00ebrputhjeje\u201d profesionale dhe njer\u00ebzore.<\/p>\n<p>&nbsp;<\/p>\n<div id=\"evind-1552699635\" class=\"evind-aft-content evind-entity-placement\"><script async src=\"https:\/\/pagead2.googlesyndication.com\/pagead\/js\/adsbygoogle.js\"\r\n     crossorigin=\"anonymous\"><\/script>\r\n<ins class=\"adsbygoogle\"\r\n     style=\"display:block; text-align:center;\"\r\n     data-ad-layout=\"in-article\"\r\n     data-ad-format=\"fluid\"\r\n     data-ad-client=\"ca-pub-9502650571429605\"\r\n     data-page-url=\"https:\/\/evindepaketle.com\"\r\n     data-ad-slot=\"5205678616\"><\/ins>\r\n<script>\r\n     (adsbygoogle = window.adsbygoogle || []).push({});\r\n<\/script><\/div>","protected":false},"excerpt":{"rendered":"<p>Debati i nxeht\u00eb virtual mes moderatores Alketa Vejsiu dhe producentes s\u00eb \u201cBig Brother VIP Kosova\u201d, Olsa Muhameti, ka vijuar me nj\u00eb tjet\u00ebr kapitull. P\u00ebrplasja nisi pasi Vejsiu kritikoi ashp\u00ebr formatin n\u00eb Kosov\u00eb, duke e cil\u00ebsuar si \u201cp*rno n\u00eb mes t\u00eb dit\u00ebs\u201d dhe \u201cvulgaritet\u201d. Kjo deklarat\u00eb solli kund\u00ebrp\u00ebrgjigjen e ashp\u00ebr t\u00eb Muhametit, e cila e sulmoi [&hellip;]<\/p>\n","protected":false},"author":1,"featured_media":32805,"comment_status":"open","ping_status":"closed","sticky":false,"template":"","format":"standard","meta":{"jnews-multi-image_gallery":[],"jnews_single_post":[],"jnews_primary_category":[],"jnews_social_meta":[],"jnews_review":[],"enable_review":"","type":"","name":"","summary":"","brand":"","sku":"","good":[],"bad":[],"score_override":"","override_value":"","rating":[],"price":[],"jnews_override_counter":[],"jnews_post_split":[],"footnotes":""},"categories":[45],"tags":[],"class_list":["post-32803","post","type-post","status-publish","format-standard","has-post-thumbnail","hentry","category-showbizi"],"_links":{"self":[{"href":"https:\/\/evindepaketle.com\/wp\/wp-json\/wp\/v2\/posts\/32803","targetHints":{"allow":["GET"]}}],"collection":[{"href":"https:\/\/evindepaketle.com\/wp\/wp-json\/wp\/v2\/posts"}],"about":[{"href":"https:\/\/evindepaketle.com\/wp\/wp-json\/wp\/v2\/types\/post"}],"author":[{"embeddable":true,"href":"https:\/\/evindepaketle.com\/wp\/wp-json\/wp\/v2\/users\/1"}],"replies":[{"embeddable":true,"href":"https:\/\/evindepaketle.com\/wp\/wp-json\/wp\/v2\/comments?post=32803"}],"version-history":[{"count":1,"href":"https:\/\/evindepaketle.com\/wp\/wp-json\/wp\/v2\/posts\/32803\/revisions"}],"predecessor-version":[{"id":32804,"href":"https:\/\/evindepaketle.com\/wp\/wp-json\/wp\/v2\/posts\/32803\/revisions\/32804"}],"wp:featuredmedia":[{"embeddable":true,"href":"https:\/\/evindepaketle.com\/wp\/wp-json\/wp\/v2\/media\/32805"}],"wp:attachment":[{"href":"https:\/\/evindepaketle.com\/wp\/wp-json\/wp\/v2\/media?parent=32803"}],"wp:term":[{"taxonomy":"category","embeddable":true,"href":"https:\/\/evindepaketle.com\/wp\/wp-json\/wp\/v2\/categories?post=32803"},{"taxonomy":"post_tag","embeddable":true,"href":"https:\/\/evindepaketle.com\/wp\/wp-json\/wp\/v2\/tags?post=32803"}],"curies":[{"name":"wp","href":"https:\/\/api.w.org\/{rel}","templated":true}]}}