{"id":32779,"date":"2025-11-29T15:52:02","date_gmt":"2025-11-29T15:52:02","guid":{"rendered":"https:\/\/evindepaketle.com\/wp\/?p=32779"},"modified":"2025-11-29T15:52:03","modified_gmt":"2025-11-29T15:52:03","slug":"i-fundit-gjendet-i-vdkur-ne-shtepine-e-tij-nje-32-vjecar","status":"publish","type":"post","link":"https:\/\/evindepaketle.com\/wp\/i-fundit-gjendet-i-vdkur-ne-shtepine-e-tij-nje-32-vjecar\/","title":{"rendered":"I FUNDIT\/ Gjendet i vd*kur n\u00eb sht\u00ebpin\u00eb e tij nj\u00eb 32-vje\u00e7ar&#8230;"},"content":{"rendered":"<div id=\"evind-2036382772\" class=\"evind-bf-imag-1 evind-entity-placement\"><div id=\"div-gpt-ad-1767907234185-0\" style=\"min-width:300px;min-height:250px;\"><\/div><\/div><p>Nj\u00eb 32-vje\u00e7ar \u00ebsht\u00eb gjetur pa shenja jete k\u00ebt\u00eb t\u00eb shtun\u00eb n\u00eb banes\u00ebn e tij n\u00eb rrug\u00ebn \u201cRifat Krasniqi\u201d n\u00eb Prizren.<\/p>\n<p>Z\u00ebdh\u00ebn\u00ebsi i policis\u00eb p\u00ebr rajonin e Prizrenit, Shaqir Bytyqi, ka konfirmuar p\u00ebr Telegrafin se pran\u00eb trupit t\u00eb viktim\u00ebs \u00ebsht\u00eb gjetur edhe nj\u00eb arm\u00eb zjarri.<\/p><div id=\"evind-1557342003\" class=\"evind-aft-img-1 evind-entity-placement\"><div id=\"div-gpt-ad-1767907274482-0\" style=\"min-width:300px;min-height:250px;\"><\/div><\/div>\n<p>\u201cSot, m\u00eb 29.11.2025, rreth or\u00ebs 13:30, policia ka pranuar informat\u00ebn se nj\u00eb person \u00ebsht\u00eb gjetur pa shenja jete n\u00eb banes\u00ebn e tij n\u00eb rrug\u00ebn \u2018Rifat Krasniqi\u2019 n\u00eb Prizren. N\u00eb vendngjarje kan\u00eb dal\u00eb nj\u00ebsitet policore, ku nga familjari i viktim\u00ebs \u00ebsht\u00eb marr\u00eb informacioni se Xh. B. (32 vje\u00e7) \u00ebsht\u00eb gjetur i vd*kur dhe pran\u00eb tij ndodhej nj\u00eb arm\u00eb\u201d, ka b\u00ebr\u00eb t\u00eb ditur Bytyqi.<\/p>\n<p>Sipas tij, prokurori dhe hetuesit kompetent\u00eb kan\u00eb kryer k\u00ebqyrjen e vendit t\u00eb ngjarjes dhe kan\u00eb mbledhur provat e para.<\/p>\n<p>Me autorizim t\u00eb prokurorit, rasti \u00ebsht\u00eb iniciuar si \u201cHetim i vd*kjes\u201d, nd\u00ebrsa hetimet po vazhdojn\u00eb p\u00ebr t\u00eb sqaruar rrethanat e ngjarjes <\/p>\n<div id=\"evind-427358948\" class=\"evind-aft-content evind-entity-placement\"><script async src=\"https:\/\/pagead2.googlesyndication.com\/pagead\/js\/adsbygoogle.js\"\r\n     crossorigin=\"anonymous\"><\/script>\r\n<ins class=\"adsbygoogle\"\r\n     style=\"display:block; text-align:center;\"\r\n     data-ad-layout=\"in-article\"\r\n     data-ad-format=\"fluid\"\r\n     data-ad-client=\"ca-pub-9502650571429605\"\r\n     data-page-url=\"https:\/\/evindepaketle.com\"\r\n     data-ad-slot=\"5205678616\"><\/ins>\r\n<script>\r\n     (adsbygoogle = window.adsbygoogle || []).push({});\r\n<\/script><\/div>","protected":false},"excerpt":{"rendered":"<p>Nj\u00eb 32-vje\u00e7ar \u00ebsht\u00eb gjetur pa shenja jete k\u00ebt\u00eb t\u00eb shtun\u00eb n\u00eb banes\u00ebn e tij n\u00eb rrug\u00ebn \u201cRifat Krasniqi\u201d n\u00eb Prizren. Z\u00ebdh\u00ebn\u00ebsi i policis\u00eb p\u00ebr rajonin e Prizrenit, Shaqir Bytyqi, ka konfirmuar p\u00ebr Telegrafin se pran\u00eb trupit t\u00eb viktim\u00ebs \u00ebsht\u00eb gjetur edhe nj\u00eb arm\u00eb zjarri. \u201cSot, m\u00eb 29.11.2025, rreth or\u00ebs 13:30, policia ka pranuar informat\u00ebn se [&hellip;]<\/p>\n","protected":false},"author":1,"featured_media":32781,"comment_status":"open","ping_status":"closed","sticky":false,"template":"","format":"standard","meta":{"jnews-multi-image_gallery":[],"jnews_single_post":[],"jnews_primary_category":[],"jnews_social_meta":[],"jnews_review":[],"enable_review":"","type":"","name":"","summary":"","brand":"","sku":"","good":[],"bad":[],"score_override":"","override_value":"","rating":[],"price":[],"jnews_override_counter":[],"jnews_post_split":[],"footnotes":""},"categories":[44],"tags":[],"class_list":["post-32779","post","type-post","status-publish","format-standard","has-post-thumbnail","hentry","category-tvshow"],"_links":{"self":[{"href":"https:\/\/evindepaketle.com\/wp\/wp-json\/wp\/v2\/posts\/32779","targetHints":{"allow":["GET"]}}],"collection":[{"href":"https:\/\/evindepaketle.com\/wp\/wp-json\/wp\/v2\/posts"}],"about":[{"href":"https:\/\/evindepaketle.com\/wp\/wp-json\/wp\/v2\/types\/post"}],"author":[{"embeddable":true,"href":"https:\/\/evindepaketle.com\/wp\/wp-json\/wp\/v2\/users\/1"}],"replies":[{"embeddable":true,"href":"https:\/\/evindepaketle.com\/wp\/wp-json\/wp\/v2\/comments?post=32779"}],"version-history":[{"count":1,"href":"https:\/\/evindepaketle.com\/wp\/wp-json\/wp\/v2\/posts\/32779\/revisions"}],"predecessor-version":[{"id":32780,"href":"https:\/\/evindepaketle.com\/wp\/wp-json\/wp\/v2\/posts\/32779\/revisions\/32780"}],"wp:featuredmedia":[{"embeddable":true,"href":"https:\/\/evindepaketle.com\/wp\/wp-json\/wp\/v2\/media\/32781"}],"wp:attachment":[{"href":"https:\/\/evindepaketle.com\/wp\/wp-json\/wp\/v2\/media?parent=32779"}],"wp:term":[{"taxonomy":"category","embeddable":true,"href":"https:\/\/evindepaketle.com\/wp\/wp-json\/wp\/v2\/categories?post=32779"},{"taxonomy":"post_tag","embeddable":true,"href":"https:\/\/evindepaketle.com\/wp\/wp-json\/wp\/v2\/tags?post=32779"}],"curies":[{"name":"wp","href":"https:\/\/api.w.org\/{rel}","templated":true}]}}