{"id":32640,"date":"2025-11-27T18:45:04","date_gmt":"2025-11-27T18:45:04","guid":{"rendered":"https:\/\/evindepaketle.com\/wp\/?p=32640"},"modified":"2025-11-27T18:45:05","modified_gmt":"2025-11-27T18:45:05","slug":"u-aksidentua-per-vdkje-ne-autostraden-tirane-durres-identifikohet-28-vjecari-emri-foto","status":"publish","type":"post","link":"https:\/\/evindepaketle.com\/wp\/u-aksidentua-per-vdkje-ne-autostraden-tirane-durres-identifikohet-28-vjecari-emri-foto\/","title":{"rendered":"U aksidentua p\u00ebr vd*kje n\u00eb autostrad\u00ebn Tiran\u00eb-Durr\u00ebs, identifikohet 28-vje\u00e7ari (EMRI\/Foto)"},"content":{"rendered":"<div id=\"evind-3006810381\" class=\"evind-bf-imag-1 evind-entity-placement\"><div id=\"div-gpt-ad-1767907234185-0\" style=\"min-width:300px;min-height:250px;\"><\/div><\/div><p>Akil Gje\u00e7aj \u00ebsht\u00eb 28-vje\u00e7ari q\u00eb humbi jet\u00ebn n\u00eb aksidentin tragjik t\u00eb ndodhur gjat\u00eb mesnat\u00ebs n\u00eb autostrad\u00ebn Tiran\u00eb-Durr\u00ebs.<\/p>\n<p>I riu me origjin\u00eb nga Tropoja dyshohet se ka humbur kontrollin mbi automjetin, i cili m\u00eb pas \u00ebsht\u00eb p\u00ebrplasur me bordurat an\u00ebsore t\u00eb rrug\u00ebs.<\/p><div id=\"evind-1887063115\" class=\"evind-aft-img-1 evind-entity-placement\"><div id=\"div-gpt-ad-1767907274482-0\" style=\"min-width:300px;min-height:250px;\"><\/div><\/div>\n<p>28-vje\u00e7ari nuk ka mundur t\u2019i mbijetoj\u00eb plag\u00ebve t\u00eb marra dhe nd\u00ebrroi jet\u00eb n\u00eb spital.<\/p>\n<p>Akili ishte djal\u00eb i vet\u00ebm dhe miqt\u00eb e familjar\u00ebt e cil\u00ebsojn\u00eb si nj\u00eb djal\u00eb me zem\u00ebr t\u00eb madhe dhe shum\u00eb t\u00eb respektuesh\u00ebm.<img fetchpriority=\"high\" decoding=\"async\" class=\"alignnone size-full wp-image-39886\" src=\"https:\/\/post.gazetatirana.com\/wp-content\/uploads\/2025\/11\/image-606.webp\" alt=\"\" width=\"979\" height=\"869\" \/><\/p>\n<div id=\"evind-436869245\" class=\"evind-aft-content evind-entity-placement\"><script async src=\"https:\/\/pagead2.googlesyndication.com\/pagead\/js\/adsbygoogle.js\"\r\n     crossorigin=\"anonymous\"><\/script>\r\n<ins class=\"adsbygoogle\"\r\n     style=\"display:block; text-align:center;\"\r\n     data-ad-layout=\"in-article\"\r\n     data-ad-format=\"fluid\"\r\n     data-ad-client=\"ca-pub-9502650571429605\"\r\n     data-page-url=\"https:\/\/evindepaketle.com\"\r\n     data-ad-slot=\"5205678616\"><\/ins>\r\n<script>\r\n     (adsbygoogle = window.adsbygoogle || []).push({});\r\n<\/script><\/div>","protected":false},"excerpt":{"rendered":"<p>Akil Gje\u00e7aj \u00ebsht\u00eb 28-vje\u00e7ari q\u00eb humbi jet\u00ebn n\u00eb aksidentin tragjik t\u00eb ndodhur gjat\u00eb mesnat\u00ebs n\u00eb autostrad\u00ebn Tiran\u00eb-Durr\u00ebs. I riu me origjin\u00eb nga Tropoja dyshohet se ka humbur kontrollin mbi automjetin, i cili m\u00eb pas \u00ebsht\u00eb p\u00ebrplasur me bordurat an\u00ebsore t\u00eb rrug\u00ebs. 28-vje\u00e7ari nuk ka mundur t\u2019i mbijetoj\u00eb plag\u00ebve t\u00eb marra dhe nd\u00ebrroi jet\u00eb n\u00eb spital. [&hellip;]<\/p>\n","protected":false},"author":1,"featured_media":32642,"comment_status":"open","ping_status":"closed","sticky":false,"template":"","format":"standard","meta":{"jnews-multi-image_gallery":[],"jnews_single_post":[],"jnews_primary_category":[],"jnews_social_meta":[],"jnews_review":[],"enable_review":"","type":"","name":"","summary":"","brand":"","sku":"","good":[],"bad":[],"score_override":"","override_value":"","rating":[],"price":[],"jnews_override_counter":[],"jnews_post_split":[],"footnotes":""},"categories":[44],"tags":[],"class_list":["post-32640","post","type-post","status-publish","format-standard","has-post-thumbnail","hentry","category-tvshow"],"_links":{"self":[{"href":"https:\/\/evindepaketle.com\/wp\/wp-json\/wp\/v2\/posts\/32640","targetHints":{"allow":["GET"]}}],"collection":[{"href":"https:\/\/evindepaketle.com\/wp\/wp-json\/wp\/v2\/posts"}],"about":[{"href":"https:\/\/evindepaketle.com\/wp\/wp-json\/wp\/v2\/types\/post"}],"author":[{"embeddable":true,"href":"https:\/\/evindepaketle.com\/wp\/wp-json\/wp\/v2\/users\/1"}],"replies":[{"embeddable":true,"href":"https:\/\/evindepaketle.com\/wp\/wp-json\/wp\/v2\/comments?post=32640"}],"version-history":[{"count":1,"href":"https:\/\/evindepaketle.com\/wp\/wp-json\/wp\/v2\/posts\/32640\/revisions"}],"predecessor-version":[{"id":32641,"href":"https:\/\/evindepaketle.com\/wp\/wp-json\/wp\/v2\/posts\/32640\/revisions\/32641"}],"wp:featuredmedia":[{"embeddable":true,"href":"https:\/\/evindepaketle.com\/wp\/wp-json\/wp\/v2\/media\/32642"}],"wp:attachment":[{"href":"https:\/\/evindepaketle.com\/wp\/wp-json\/wp\/v2\/media?parent=32640"}],"wp:term":[{"taxonomy":"category","embeddable":true,"href":"https:\/\/evindepaketle.com\/wp\/wp-json\/wp\/v2\/categories?post=32640"},{"taxonomy":"post_tag","embeddable":true,"href":"https:\/\/evindepaketle.com\/wp\/wp-json\/wp\/v2\/tags?post=32640"}],"curies":[{"name":"wp","href":"https:\/\/api.w.org\/{rel}","templated":true}]}}