{"id":32333,"date":"2025-11-24T19:23:44","date_gmt":"2025-11-24T19:23:44","guid":{"rendered":"https:\/\/evindepaketle.com\/wp\/?p=32333"},"modified":"2025-11-24T19:23:44","modified_gmt":"2025-11-24T19:23:44","slug":"u-pasurua-ne-top-channel-ka-filluar-ta-shaje-tani-bled-mane-shperthen-ndaj-arbana-osmanit","status":"publish","type":"post","link":"https:\/\/evindepaketle.com\/wp\/u-pasurua-ne-top-channel-ka-filluar-ta-shaje-tani-bled-mane-shperthen-ndaj-arbana-osmanit\/","title":{"rendered":"\u201cU pasurua n\u00eb Top Channel, ka filluar ta shaj\u00eb tani\u201d- Bled Mane shp\u00ebrthen ndaj Arbana Osmanit"},"content":{"rendered":"<div id=\"evind-3888090012\" class=\"evind-bf-imag-1 evind-entity-placement\"><div id=\"div-gpt-ad-1767907234185-0\" style=\"min-width:300px;min-height:250px;\"><\/div><\/div><p>Pas val\u00ebs s\u00eb kritikave nga publiku p\u00ebr episodin e fundit t\u00eb \u201cMir\u00ebmbr\u00ebma Yje\u201d me Arjan Konomin, Zhaklina Lekatarin dhe Inida Gjata, tashm\u00eb vjen nj\u00eb goditje e fort\u00eb edhe nga ish-koleg\u00ebt e medias.<\/p>\n<p>Gazetari Bledi Mane, i ftuar n\u00eb \u201cTop Albania Radio\u201d p\u00ebrball\u00eb Ronaldo Shark\u00ebs, nuk ka kursyer kritikat e drejtp\u00ebrdrejta ndaj moderatores Arbana Osmani.<\/p><div id=\"evind-3368106615\" class=\"evind-aft-img-1 evind-entity-placement\"><div id=\"div-gpt-ad-1767907274482-0\" style=\"min-width:300px;min-height:250px;\"><\/div><\/div>\n<p>Ai u shpreh i indinjuar me qasjen q\u00eb po mbajn\u00eb ish-figurat e k\u00ebtij televizioni, duke i akuzuar ata p\u00ebr mosmir\u00ebnjohje ndaj vendit q\u00eb u dha fam\u00ebn.<\/p>\n<p>Mane deklaroi me tone t\u00eb ashpra: \u201cLind\u00ebn, u rrit\u00ebn, u pasuruan, u martuan n\u00eb \u2018Top Channel\u2019 dhe kan\u00eb filluar tani shajn\u00eb me podcast-et e tyre vendin i cili i ushqeu, i edukoi, i iluminoi dhe i b\u00ebri t\u00eb famsh\u00ebm.\u201d<\/p>\n<p>M\u00eb tej, ai e drejtoi gishtin specifikisht te moderatorja, duke e akuzuar se po e p\u00ebrdor platform\u00ebn e saj p\u00ebr t\u00eb sulmuar ish-sht\u00ebpin\u00eb mediatike. \u201cP\u00ebr shembull, jam disi i zhg\u00ebnjyer nga Arbana Osmani, e cila podcastin e saj e ka v\u00ebn\u00eb n\u00eb sh\u00ebrbim t\u00eb makineris\u00eb s\u00eb sharjes s\u00eb kompanis\u00eb mediatike \u2018Top Channel\u2019. T\u00eb pakt\u00ebn Arban\u00ebs nuk i takonte,\u201d tha ai.<\/p>\n<p>Kjo deklarat\u00eb e fort\u00eb rihap debatin mbi raportet e tensionuara dhe \u201cluft\u00ebn e ftoht\u00eb\u201d mes moderatores dhe televizionit ku ajo nd\u00ebrtoi karrier\u00ebn e saj prej m\u00eb shum\u00eb se dy dekadash.<\/p>\n<div id=\"evind-4062343619\" class=\"evind-aft-content evind-entity-placement\"><script async src=\"https:\/\/pagead2.googlesyndication.com\/pagead\/js\/adsbygoogle.js\"\r\n     crossorigin=\"anonymous\"><\/script>\r\n<ins class=\"adsbygoogle\"\r\n     style=\"display:block; text-align:center;\"\r\n     data-ad-layout=\"in-article\"\r\n     data-ad-format=\"fluid\"\r\n     data-ad-client=\"ca-pub-9502650571429605\"\r\n     data-page-url=\"https:\/\/evindepaketle.com\"\r\n     data-ad-slot=\"5205678616\"><\/ins>\r\n<script>\r\n     (adsbygoogle = window.adsbygoogle || []).push({});\r\n<\/script><\/div>","protected":false},"excerpt":{"rendered":"<p>Pas val\u00ebs s\u00eb kritikave nga publiku p\u00ebr episodin e fundit t\u00eb \u201cMir\u00ebmbr\u00ebma Yje\u201d me Arjan Konomin, Zhaklina Lekatarin dhe Inida Gjata, tashm\u00eb vjen nj\u00eb goditje e fort\u00eb edhe nga ish-koleg\u00ebt e medias. Gazetari Bledi Mane, i ftuar n\u00eb \u201cTop Albania Radio\u201d p\u00ebrball\u00eb Ronaldo Shark\u00ebs, nuk ka kursyer kritikat e drejtp\u00ebrdrejta ndaj moderatores Arbana Osmani. Ai [&hellip;]<\/p>\n","protected":false},"author":1,"featured_media":32335,"comment_status":"open","ping_status":"closed","sticky":false,"template":"","format":"standard","meta":{"jnews-multi-image_gallery":[],"jnews_single_post":[],"jnews_primary_category":[],"jnews_social_meta":[],"jnews_review":[],"enable_review":"","type":"","name":"","summary":"","brand":"","sku":"","good":[],"bad":[],"score_override":"","override_value":"","rating":[],"price":[],"jnews_override_counter":[],"jnews_post_split":[],"footnotes":""},"categories":[44],"tags":[],"class_list":["post-32333","post","type-post","status-publish","format-standard","has-post-thumbnail","hentry","category-tvshow"],"_links":{"self":[{"href":"https:\/\/evindepaketle.com\/wp\/wp-json\/wp\/v2\/posts\/32333","targetHints":{"allow":["GET"]}}],"collection":[{"href":"https:\/\/evindepaketle.com\/wp\/wp-json\/wp\/v2\/posts"}],"about":[{"href":"https:\/\/evindepaketle.com\/wp\/wp-json\/wp\/v2\/types\/post"}],"author":[{"embeddable":true,"href":"https:\/\/evindepaketle.com\/wp\/wp-json\/wp\/v2\/users\/1"}],"replies":[{"embeddable":true,"href":"https:\/\/evindepaketle.com\/wp\/wp-json\/wp\/v2\/comments?post=32333"}],"version-history":[{"count":1,"href":"https:\/\/evindepaketle.com\/wp\/wp-json\/wp\/v2\/posts\/32333\/revisions"}],"predecessor-version":[{"id":32334,"href":"https:\/\/evindepaketle.com\/wp\/wp-json\/wp\/v2\/posts\/32333\/revisions\/32334"}],"wp:featuredmedia":[{"embeddable":true,"href":"https:\/\/evindepaketle.com\/wp\/wp-json\/wp\/v2\/media\/32335"}],"wp:attachment":[{"href":"https:\/\/evindepaketle.com\/wp\/wp-json\/wp\/v2\/media?parent=32333"}],"wp:term":[{"taxonomy":"category","embeddable":true,"href":"https:\/\/evindepaketle.com\/wp\/wp-json\/wp\/v2\/categories?post=32333"},{"taxonomy":"post_tag","embeddable":true,"href":"https:\/\/evindepaketle.com\/wp\/wp-json\/wp\/v2\/tags?post=32333"}],"curies":[{"name":"wp","href":"https:\/\/api.w.org\/{rel}","templated":true}]}}