{"id":32330,"date":"2025-11-24T18:54:16","date_gmt":"2025-11-24T18:54:16","guid":{"rendered":"https:\/\/evindepaketle.com\/wp\/?p=32330"},"modified":"2025-11-24T18:54:17","modified_gmt":"2025-11-24T18:54:17","slug":"zbulohet-data-ja-kur-do-nise-shperndarja-e-bonusit-te-fundvitit-per-pensionistet","status":"publish","type":"post","link":"https:\/\/evindepaketle.com\/wp\/zbulohet-data-ja-kur-do-nise-shperndarja-e-bonusit-te-fundvitit-per-pensionistet\/","title":{"rendered":"Zbulohet DATA, ja kur do nis\u00eb shp\u00ebrndarja e bonusit t\u00eb fundvitit p\u00ebr pensionist\u00ebt"},"content":{"rendered":"<div id=\"evind-2191004246\" class=\"evind-bf-imag-1 evind-entity-placement\"><div id=\"div-gpt-ad-1767907234185-0\" style=\"min-width:300px;min-height:250px;\"><\/div><\/div><p>Ministrja e Ekonomis\u00eb dhe Inovacionit, Delina Ibrahimaj, \u00ebsht\u00eb shprehur se pensionist\u00ebt do ta marrin bonusin e k\u00ebtij fundviti q\u00eb nga data 1 dhjetor. Komentet Ibrahimaj i b\u00ebri gjat\u00eb d\u00ebgjesave p\u00ebr buxhetin me banor\u00eb t\u00eb nj\u00ebsis\u00eb nr.11 n\u00eb Tiran\u00eb, ku e pranishme ishte edhe Ogerta Manastirliu.<\/p>\n<p>Ibrahimaj tha se bonusi i k\u00ebtij viti p\u00ebr pensionist\u00ebt do t\u00eb jet\u00eb i barabart\u00eb me bonusin e vitit t\u00eb kaluar, ku ata q\u00eb marrin pension mbi 200 mij\u00eb lek\u00eb t\u00eb vjetra, do t\u00eb marrin bonus 100 mij\u00eb lek\u00eb t\u00eb vjetra dhe ata q\u00eb marrin pension n\u00ebn 200 mij\u00eb lek\u00eb t\u00eb vjetra, do t\u00eb marrin bonus 150 mij\u00eb lek\u00eb t\u00eb vjetra.<\/p><div id=\"evind-3280149223\" class=\"evind-aft-img-1 evind-entity-placement\"><div id=\"div-gpt-ad-1767907274482-0\" style=\"min-width:300px;min-height:250px;\"><\/div><\/div>\n<p>Ajo shtoi se mazhoranca ka vendosur nj\u00eb buxhet prej 1.7 miliard\u00eb eurosh p\u00ebr pensionist\u00ebt deri n\u00eb vitin 2030, e cila parashikon edhe bonuset dhe indeksimet n\u00eb pensione.<\/p>\n<p>\u201cShum\u00ebkush n\u00eb komunikimin q\u00eb kemi b\u00ebr\u00eb p\u00ebr pensionet, na kan\u00eb th\u00ebn\u00eb q\u00eb \u2018\u00e7\u2019keni b\u00ebr\u00eb juve? Keni marr\u00eb bonusin e fundvitit dhe e keni shp\u00ebrndar\u00eb p\u00ebr vitin 2026\u2019. E v\u00ebrteta nuk \u00ebsht\u00eb kjo, e v\u00ebrteta \u00ebsht\u00eb se bonusi i fundvitit do t\u00eb jet\u00eb dhe pensionist\u00ebt do ta marrin q\u00eb nga 1 dhjetori i ardhsh\u00ebm dhe do t\u00eb jet\u00eb i barabart\u00eb me bonusin q\u00eb \u00ebsht\u00eb dh\u00ebn\u00eb edhe vitin e kaluar.<\/p>\n<p>Pra t\u00eb gjith\u00eb pensionist\u00ebt q\u00eb kan\u00eb nj\u00eb pension m\u00eb t\u00eb vog\u00ebl se 200 mij\u00eb lek\u00eb, do t\u00eb marrin 150 mij\u00eb lek\u00eb bonus dhe t\u00eb gjith\u00eb ata q\u00eb kan\u00eb nj\u00eb pension m\u00eb t\u00eb madh sesa 200 mij\u00eb lek\u00eb, do t\u00eb marrin 100 mij\u00eb lek\u00eb bonus. Kjo \u00ebsht\u00eb nj\u00eb p\u00ebrpjekje e buxhetit n\u00eb total n\u00eb 5 vitet n\u00eb vijim deri n\u00eb vitin 2030, ku fondi q\u00eb ne do t\u00eb v\u00ebm\u00eb n\u00eb dispozicion p\u00ebr pensionist\u00ebt \u00ebsht\u00eb 1.7 miliard\u00eb euro, nd\u00ebrmjet bonusit dhe indeksimeve q\u00eb n\u00eb vet\u00ebvete \u00ebsht\u00eb nj\u00eb vler\u00eb rreth 50 milion\u00eb euro p\u00ebr \u00e7do vit.<\/p>\n<p>\u00cbsht\u00eb nj\u00eb shum\u00eb e madhe, e r\u00ebnd\u00eb p\u00ebr buxhetin e shtetit, por ne m\u00eb n\u00eb fund kemi arritur n\u00eb at\u00eb stad t\u00eb nivelit ekonomik q\u00eb t\u00eb gjenerojm\u00eb t\u00eb ardhura dhe t\u00eb kemi mund\u00ebsi q\u00eb ato t\u00eb ardhura t\u00eb rishp\u00ebrndahen te t\u00eb gjith\u00eb brezat\u201d, tha mes t\u00eb tjerash Ibrahimaj.<\/p>\n<div id=\"evind-1631476972\" class=\"evind-aft-content evind-entity-placement\"><script async src=\"https:\/\/pagead2.googlesyndication.com\/pagead\/js\/adsbygoogle.js\"\r\n     crossorigin=\"anonymous\"><\/script>\r\n<ins class=\"adsbygoogle\"\r\n     style=\"display:block; text-align:center;\"\r\n     data-ad-layout=\"in-article\"\r\n     data-ad-format=\"fluid\"\r\n     data-ad-client=\"ca-pub-9502650571429605\"\r\n     data-page-url=\"https:\/\/evindepaketle.com\"\r\n     data-ad-slot=\"5205678616\"><\/ins>\r\n<script>\r\n     (adsbygoogle = window.adsbygoogle || []).push({});\r\n<\/script><\/div>","protected":false},"excerpt":{"rendered":"<p>Ministrja e Ekonomis\u00eb dhe Inovacionit, Delina Ibrahimaj, \u00ebsht\u00eb shprehur se pensionist\u00ebt do ta marrin bonusin e k\u00ebtij fundviti q\u00eb nga data 1 dhjetor. Komentet Ibrahimaj i b\u00ebri gjat\u00eb d\u00ebgjesave p\u00ebr buxhetin me banor\u00eb t\u00eb nj\u00ebsis\u00eb nr.11 n\u00eb Tiran\u00eb, ku e pranishme ishte edhe Ogerta Manastirliu. Ibrahimaj tha se bonusi i k\u00ebtij viti p\u00ebr pensionist\u00ebt do [&hellip;]<\/p>\n","protected":false},"author":1,"featured_media":32332,"comment_status":"open","ping_status":"closed","sticky":false,"template":"","format":"standard","meta":{"jnews-multi-image_gallery":[],"jnews_single_post":[],"jnews_primary_category":[],"jnews_social_meta":[],"jnews_review":[],"enable_review":"","type":"","name":"","summary":"","brand":"","sku":"","good":[],"bad":[],"score_override":"","override_value":"","rating":[],"price":[],"jnews_override_counter":[],"jnews_post_split":[],"footnotes":""},"categories":[44],"tags":[],"class_list":["post-32330","post","type-post","status-publish","format-standard","has-post-thumbnail","hentry","category-tvshow"],"_links":{"self":[{"href":"https:\/\/evindepaketle.com\/wp\/wp-json\/wp\/v2\/posts\/32330","targetHints":{"allow":["GET"]}}],"collection":[{"href":"https:\/\/evindepaketle.com\/wp\/wp-json\/wp\/v2\/posts"}],"about":[{"href":"https:\/\/evindepaketle.com\/wp\/wp-json\/wp\/v2\/types\/post"}],"author":[{"embeddable":true,"href":"https:\/\/evindepaketle.com\/wp\/wp-json\/wp\/v2\/users\/1"}],"replies":[{"embeddable":true,"href":"https:\/\/evindepaketle.com\/wp\/wp-json\/wp\/v2\/comments?post=32330"}],"version-history":[{"count":1,"href":"https:\/\/evindepaketle.com\/wp\/wp-json\/wp\/v2\/posts\/32330\/revisions"}],"predecessor-version":[{"id":32331,"href":"https:\/\/evindepaketle.com\/wp\/wp-json\/wp\/v2\/posts\/32330\/revisions\/32331"}],"wp:featuredmedia":[{"embeddable":true,"href":"https:\/\/evindepaketle.com\/wp\/wp-json\/wp\/v2\/media\/32332"}],"wp:attachment":[{"href":"https:\/\/evindepaketle.com\/wp\/wp-json\/wp\/v2\/media?parent=32330"}],"wp:term":[{"taxonomy":"category","embeddable":true,"href":"https:\/\/evindepaketle.com\/wp\/wp-json\/wp\/v2\/categories?post=32330"},{"taxonomy":"post_tag","embeddable":true,"href":"https:\/\/evindepaketle.com\/wp\/wp-json\/wp\/v2\/tags?post=32330"}],"curies":[{"name":"wp","href":"https:\/\/api.w.org\/{rel}","templated":true}]}}