{"id":32297,"date":"2025-11-24T14:47:57","date_gmt":"2025-11-24T14:47:57","guid":{"rendered":"https:\/\/evindepaketle.com\/wp\/?p=32297"},"modified":"2025-11-24T14:47:58","modified_gmt":"2025-11-24T14:47:58","slug":"shkak-se-pranoi-ftesen-e-big-brother-vip-habit-balina-bodinaku-partneri-per-2-muaj-nuk-me","status":"publish","type":"post","link":"https:\/\/evindepaketle.com\/wp\/shkak-se-pranoi-ftesen-e-big-brother-vip-habit-balina-bodinaku-partneri-per-2-muaj-nuk-me\/","title":{"rendered":"Shkak se pranoi ftes\u00ebn e Big Brother VIP, habit Balina Bodinaku: \u201cPartneri p\u00ebr 2 muaj nuk m\u00eb\u2026\u201d"},"content":{"rendered":"<div id=\"evind-3581435482\" class=\"evind-bf-imag-1 evind-entity-placement\"><div id=\"div-gpt-ad-1767907234185-0\" style=\"min-width:300px;min-height:250px;\"><\/div><\/div><p>Ish-opinionistja e \u201cBig Brother VIP Albania\u201d, Balina Bodinaku, ka zbuluar p\u00ebr her\u00eb t\u00eb par\u00eb nj\u00eb prapasken\u00eb nga jeta e saj private, duke treguar se pjes\u00ebmarrja n\u00eb formatin e famsh\u00ebm solli probleme n\u00eb marr\u00ebdh\u00ebnien me bashk\u00ebshortin e saj.<\/p>\n<p>E ftuar n\u00eb emisionin \u201cWeekend\u201d n\u00eb Klan Kosova, Balina rr\u00ebfeu se partneri i saj, Andi, nuk ishte dakord q\u00eb ajo t\u00eb b\u00ebhej pjes\u00eb e atij spektakli, gj\u00eb q\u00eb shkaktoi nj\u00eb heshtje t\u00eb gjat\u00eb mes tyre n\u00eb sht\u00ebpi.<\/p><div id=\"evind-4276464235\" class=\"evind-aft-img-1 evind-entity-placement\"><div id=\"div-gpt-ad-1767907274482-0\" style=\"min-width:300px;min-height:250px;\"><\/div><\/div>\n<p>Ajo u shpreh hapur: \u201cKur un\u00eb pranova t\u00eb isha opinioniste e BBVA, Andi nuk ishte pro, nja dy muaj nuk kemi folur. Ishte \u00e7\u00ebshtje kok\u00ebfort\u00ebsie, nuk kishte betej\u00eb, por kok\u00ebfort\u00ebsi.\u201d<\/p>\n<p>P\u00ebrve\u00e7 tensionit n\u00eb \u00e7ift, Balina tregoi se ajo periudh\u00eb ishte e ngarkuar edhe me probleme sh\u00ebndet\u00ebsore, duke e p\u00ebrshkruar si nj\u00eb koh\u00eb kur duhet t\u00eb: \u2018dil nga spitali dhe shko n\u00eb BBVA\u2019.<\/p>\n<p>Ajo shtoi: \u201cIshte i v\u00ebshtir\u00eb, eksperienc\u00eb interesante. Pjes\u00ebn m\u00eb t\u00eb madhe as nuk i kisha par\u00eb ndonj\u00ebher\u00eb. Ishte nj\u00eb eksperienc\u00eb q\u00eb nuk i thoja dot jo, gj\u00ebrat ndryshe. Kishte v\u00ebshtir\u00ebsit\u00eb e veta, tek t\u00eb gjith\u00eb ndihej ajo ngarkesa e gj\u00ebs\u00eb s\u00eb re.\u201d<\/p>\n<p>Ky rr\u00ebfim tregon an\u00ebn e panjohur t\u00eb eksperienc\u00ebs s\u00eb saj si opinioniste, ku p\u00ebrballja nuk ishte vet\u00ebm me banor\u00ebt, por edhe me sfidat personale dhe familjare.<\/p>\n<div id=\"evind-1692606180\" class=\"evind-aft-content evind-entity-placement\"><script async src=\"https:\/\/pagead2.googlesyndication.com\/pagead\/js\/adsbygoogle.js\"\r\n     crossorigin=\"anonymous\"><\/script>\r\n<ins class=\"adsbygoogle\"\r\n     style=\"display:block; text-align:center;\"\r\n     data-ad-layout=\"in-article\"\r\n     data-ad-format=\"fluid\"\r\n     data-ad-client=\"ca-pub-9502650571429605\"\r\n     data-page-url=\"https:\/\/evindepaketle.com\"\r\n     data-ad-slot=\"5205678616\"><\/ins>\r\n<script>\r\n     (adsbygoogle = window.adsbygoogle || []).push({});\r\n<\/script><\/div>","protected":false},"excerpt":{"rendered":"<p>Ish-opinionistja e \u201cBig Brother VIP Albania\u201d, Balina Bodinaku, ka zbuluar p\u00ebr her\u00eb t\u00eb par\u00eb nj\u00eb prapasken\u00eb nga jeta e saj private, duke treguar se pjes\u00ebmarrja n\u00eb formatin e famsh\u00ebm solli probleme n\u00eb marr\u00ebdh\u00ebnien me bashk\u00ebshortin e saj. E ftuar n\u00eb emisionin \u201cWeekend\u201d n\u00eb Klan Kosova, Balina rr\u00ebfeu se partneri i saj, Andi, nuk ishte dakord [&hellip;]<\/p>\n","protected":false},"author":1,"featured_media":32299,"comment_status":"open","ping_status":"closed","sticky":false,"template":"","format":"standard","meta":{"jnews-multi-image_gallery":[],"jnews_single_post":[],"jnews_primary_category":[],"jnews_social_meta":[],"jnews_review":[],"enable_review":"","type":"","name":"","summary":"","brand":"","sku":"","good":[],"bad":[],"score_override":"","override_value":"","rating":[],"price":[],"jnews_override_counter":[],"jnews_post_split":[],"footnotes":""},"categories":[44],"tags":[],"class_list":["post-32297","post","type-post","status-publish","format-standard","has-post-thumbnail","hentry","category-tvshow"],"_links":{"self":[{"href":"https:\/\/evindepaketle.com\/wp\/wp-json\/wp\/v2\/posts\/32297","targetHints":{"allow":["GET"]}}],"collection":[{"href":"https:\/\/evindepaketle.com\/wp\/wp-json\/wp\/v2\/posts"}],"about":[{"href":"https:\/\/evindepaketle.com\/wp\/wp-json\/wp\/v2\/types\/post"}],"author":[{"embeddable":true,"href":"https:\/\/evindepaketle.com\/wp\/wp-json\/wp\/v2\/users\/1"}],"replies":[{"embeddable":true,"href":"https:\/\/evindepaketle.com\/wp\/wp-json\/wp\/v2\/comments?post=32297"}],"version-history":[{"count":1,"href":"https:\/\/evindepaketle.com\/wp\/wp-json\/wp\/v2\/posts\/32297\/revisions"}],"predecessor-version":[{"id":32298,"href":"https:\/\/evindepaketle.com\/wp\/wp-json\/wp\/v2\/posts\/32297\/revisions\/32298"}],"wp:featuredmedia":[{"embeddable":true,"href":"https:\/\/evindepaketle.com\/wp\/wp-json\/wp\/v2\/media\/32299"}],"wp:attachment":[{"href":"https:\/\/evindepaketle.com\/wp\/wp-json\/wp\/v2\/media?parent=32297"}],"wp:term":[{"taxonomy":"category","embeddable":true,"href":"https:\/\/evindepaketle.com\/wp\/wp-json\/wp\/v2\/categories?post=32297"},{"taxonomy":"post_tag","embeddable":true,"href":"https:\/\/evindepaketle.com\/wp\/wp-json\/wp\/v2\/tags?post=32297"}],"curies":[{"name":"wp","href":"https:\/\/api.w.org\/{rel}","templated":true}]}}