{"id":32144,"date":"2025-11-22T15:32:02","date_gmt":"2025-11-22T15:32:02","guid":{"rendered":"https:\/\/evindepaketle.com\/wp\/?p=32144"},"modified":"2025-11-22T15:32:03","modified_gmt":"2025-11-22T15:32:03","slug":"moti-i-keq-gjunjezon-vendin-rrebeshe-e-bore-porja-situate-alarmante-ne-keto-qytete-kur-pritet-te-ndalojne-reshjet","status":"publish","type":"post","link":"https:\/\/evindepaketle.com\/wp\/moti-i-keq-gjunjezon-vendin-rrebeshe-e-bore-porja-situate-alarmante-ne-keto-qytete-kur-pritet-te-ndalojne-reshjet\/","title":{"rendered":"Moti i keq \u201cgjunj\u00ebzon\u201d vendin, rrebeshe e bor\u00eb\/ Porja: Situat\u00eb alarmante n\u00eb keto qytete, kur pritet t\u00eb ndalojn\u00eb reshjet"},"content":{"rendered":"<div id=\"evind-3348146828\" class=\"evind-bf-imag-1 evind-entity-placement\"><div id=\"div-gpt-ad-1767907234185-0\" style=\"min-width:300px;min-height:250px;\"><\/div><\/div><p>I gjith\u00eb vendi yn\u00eb \u00ebsht\u00eb p\u00ebrfshir\u00eb nga moti i keq me reshje shiu intensive t\u00eb cilat kan\u00eb shkaktuar dhe p\u00ebrmbytje n\u00eb disa qarqe.<\/p>\n<p>Sinoptikania Lajda Porja n\u00eb nj\u00eb lidhje live, u shpreh se moti i paq\u00ebndruesh\u00ebm do t\u00eb vazhdoj\u00eb deri n\u00eb fund t\u00eb muajit n\u00ebntor, ku nuk do t\u00eb mungojn\u00eb dhe reshjet e bor\u00ebs, kryesisht n\u00eb veri.<\/p><div id=\"evind-1357001006\" class=\"evind-aft-img-1 evind-entity-placement\"><div id=\"div-gpt-ad-1767907274482-0\" style=\"min-width:300px;min-height:250px;\"><\/div><\/div>\n<p>\u201cN\u00eb zonat e juglindjes situata do t\u00eb jet\u00eb alarmante. Gjat\u00eb nat\u00ebs pritet t\u00eb ket\u00eb reshje 30-40 ml, sasi mjaft e madhe, duke \u00e7uar nivelin e ujit t\u00eb lumenjve n\u00eb pik\u00ebn kritike. Reshjet e shiut do t\u00eb ndalojn\u00eb t\u00eb h\u00ebnn\u00eb p\u00ebr t\u00eb rifilluar n\u00eb mesin e jav\u00ebs s\u00eb ardhshme\u201d, u shpreh sinoptikania Porja.<\/p>\n<p>Sipas Pores, muaji n\u00ebntori ishte parashikuar t\u00eb ishte i ngroht\u00eb dhe t\u00eb kishim temperatura 4-5 grad\u00eb mbi norm\u00eb.<\/p>\n<div id=\"evind-1355454234\" class=\"evind-aft-content evind-entity-placement\"><script async src=\"https:\/\/pagead2.googlesyndication.com\/pagead\/js\/adsbygoogle.js\"\r\n     crossorigin=\"anonymous\"><\/script>\r\n<ins class=\"adsbygoogle\"\r\n     style=\"display:block; text-align:center;\"\r\n     data-ad-layout=\"in-article\"\r\n     data-ad-format=\"fluid\"\r\n     data-ad-client=\"ca-pub-9502650571429605\"\r\n     data-page-url=\"https:\/\/evindepaketle.com\"\r\n     data-ad-slot=\"5205678616\"><\/ins>\r\n<script>\r\n     (adsbygoogle = window.adsbygoogle || []).push({});\r\n<\/script><\/div>","protected":false},"excerpt":{"rendered":"<p>I gjith\u00eb vendi yn\u00eb \u00ebsht\u00eb p\u00ebrfshir\u00eb nga moti i keq me reshje shiu intensive t\u00eb cilat kan\u00eb shkaktuar dhe p\u00ebrmbytje n\u00eb disa qarqe. Sinoptikania Lajda Porja n\u00eb nj\u00eb lidhje live, u shpreh se moti i paq\u00ebndruesh\u00ebm do t\u00eb vazhdoj\u00eb deri n\u00eb fund t\u00eb muajit n\u00ebntor, ku nuk do t\u00eb mungojn\u00eb dhe reshjet e bor\u00ebs, kryesisht [&hellip;]<\/p>\n","protected":false},"author":1,"featured_media":32146,"comment_status":"open","ping_status":"closed","sticky":false,"template":"","format":"standard","meta":{"jnews-multi-image_gallery":[],"jnews_single_post":[],"jnews_primary_category":[],"jnews_social_meta":[],"jnews_review":[],"enable_review":"","type":"","name":"","summary":"","brand":"","sku":"","good":[],"bad":[],"score_override":"","override_value":"","rating":[],"price":[],"jnews_override_counter":[],"jnews_post_split":[],"footnotes":""},"categories":[44],"tags":[],"class_list":["post-32144","post","type-post","status-publish","format-standard","has-post-thumbnail","hentry","category-tvshow"],"_links":{"self":[{"href":"https:\/\/evindepaketle.com\/wp\/wp-json\/wp\/v2\/posts\/32144","targetHints":{"allow":["GET"]}}],"collection":[{"href":"https:\/\/evindepaketle.com\/wp\/wp-json\/wp\/v2\/posts"}],"about":[{"href":"https:\/\/evindepaketle.com\/wp\/wp-json\/wp\/v2\/types\/post"}],"author":[{"embeddable":true,"href":"https:\/\/evindepaketle.com\/wp\/wp-json\/wp\/v2\/users\/1"}],"replies":[{"embeddable":true,"href":"https:\/\/evindepaketle.com\/wp\/wp-json\/wp\/v2\/comments?post=32144"}],"version-history":[{"count":1,"href":"https:\/\/evindepaketle.com\/wp\/wp-json\/wp\/v2\/posts\/32144\/revisions"}],"predecessor-version":[{"id":32145,"href":"https:\/\/evindepaketle.com\/wp\/wp-json\/wp\/v2\/posts\/32144\/revisions\/32145"}],"wp:featuredmedia":[{"embeddable":true,"href":"https:\/\/evindepaketle.com\/wp\/wp-json\/wp\/v2\/media\/32146"}],"wp:attachment":[{"href":"https:\/\/evindepaketle.com\/wp\/wp-json\/wp\/v2\/media?parent=32144"}],"wp:term":[{"taxonomy":"category","embeddable":true,"href":"https:\/\/evindepaketle.com\/wp\/wp-json\/wp\/v2\/categories?post=32144"},{"taxonomy":"post_tag","embeddable":true,"href":"https:\/\/evindepaketle.com\/wp\/wp-json\/wp\/v2\/tags?post=32144"}],"curies":[{"name":"wp","href":"https:\/\/api.w.org\/{rel}","templated":true}]}}