{"id":31334,"date":"2025-11-10T20:36:07","date_gmt":"2025-11-10T20:36:07","guid":{"rendered":"https:\/\/evindepaketle.com\/wp\/?p=31334"},"modified":"2025-11-10T20:36:08","modified_gmt":"2025-11-10T20:36:08","slug":"shkoi-per-takim-intm-por-u-mor-peng-si-ra-ne-kurth-27-vjecari-ne-tirane","status":"publish","type":"post","link":"https:\/\/evindepaketle.com\/wp\/shkoi-per-takim-intm-por-u-mor-peng-si-ra-ne-kurth-27-vjecari-ne-tirane\/","title":{"rendered":"Shkoi p\u00ebr takim int*m por u mor peng, si ra n\u00eb kurth 27-vje\u00e7ari n\u00eb Tiran\u00eb"},"content":{"rendered":"<div id=\"evind-2312256313\" class=\"evind-bf-imag-1 evind-entity-placement\"><div id=\"div-gpt-ad-1767907234185-0\" style=\"min-width:300px;min-height:250px;\"><\/div><\/div><p>Detaje t\u00eb reja kan\u00eb dal\u00eb n\u00eb drit\u00eb nga pengmarrja e 27-vje\u00e7arit n\u00eb Tiran\u00eb, ngjarje p\u00ebr t\u00eb cil\u00ebn jan\u00eb arrestuar 2 persona dhe jan\u00eb shpallur n\u00eb k\u00ebrkim 3 t\u00eb tjer\u00eb.<\/p>\n<p>N\u00eb pranga kan\u00eb r\u00ebn\u00eb  Lusjan Kimza dhe Asmireld Nimani, nd\u00ebrsa n\u00eb k\u00ebrkim jan\u00eb shpallur , Klajdi Limani dhe Suate Cenoaliaj dhe nj\u00eb vajz\u00eb 25 vje\u00e7are.<\/p><div id=\"evind-1423642271\" class=\"evind-aft-img-1 evind-entity-placement\"><div id=\"div-gpt-ad-1767907274482-0\" style=\"min-width:300px;min-height:250px;\"><\/div><\/div>\n<p>Si ra n\u00eb kurth 27-vje\u00e7ari<\/p>\n<p>Lusjan Kimza pasi zbuloi disa mesazhe n\u00eb telefonin e t\u00eb dashur\u00ebs s\u00eb tij, Suate Cenoaliaj, m\u00ebsoi se 27-vje\u00e7ari e ngacmonte at\u00eb.<\/p>\n<p>Pas k\u00ebsaj, p\u00ebrmes shoqes s\u00eb t\u00eb dashur\u00ebs s\u00eb tij, Monika Marku, ai e ka futur n\u00eb kurth 27-vje\u00e7arin dhe i ka l\u00ebn\u00eb nj\u00eb takim n\u00eb nj\u00eb apartament me qira ditore n\u00eb Tiran\u00eb.<\/p>\n<p>Kur ka mb\u00ebrritur n\u00eb apartament ai ka kuptuar se \u2018surpriza\u2019 nuk ishte ajo q\u00eb kishte menduar, por n\u00eb fakt ishte marr\u00eb peng.<\/p>\n<p>Lusjan Kimza n\u00eb bashk\u00ebpunim me miqt\u00eb e tij, Asmireld Nimani dhe Klajdi Ninami, e kan\u00eb dhunuar dhe i kan\u00eb k\u00ebrkuar 5 mij\u00eb euro, t\u00eb cilat ua ka dh\u00ebn\u00eb.<\/p>\n<p>Pasi \u00ebsht\u00eb l\u00ebn\u00eb i lir\u00eb, 27-vje\u00e7ari \u00ebsht\u00eb paraqitur n\u00eb spital p\u00ebr t\u00eb marr\u00eb ndihm\u00eb, nga ku jan\u00eb v\u00ebn\u00eb n\u00eb dijeni autoritetet policore p\u00ebr ngjarjen.<\/p>\n<div id=\"evind-1628620863\" class=\"evind-aft-content evind-entity-placement\"><script async src=\"https:\/\/pagead2.googlesyndication.com\/pagead\/js\/adsbygoogle.js\"\r\n     crossorigin=\"anonymous\"><\/script>\r\n<ins class=\"adsbygoogle\"\r\n     style=\"display:block; text-align:center;\"\r\n     data-ad-layout=\"in-article\"\r\n     data-ad-format=\"fluid\"\r\n     data-ad-client=\"ca-pub-9502650571429605\"\r\n     data-page-url=\"https:\/\/evindepaketle.com\"\r\n     data-ad-slot=\"5205678616\"><\/ins>\r\n<script>\r\n     (adsbygoogle = window.adsbygoogle || []).push({});\r\n<\/script><\/div>","protected":false},"excerpt":{"rendered":"<p>Detaje t\u00eb reja kan\u00eb dal\u00eb n\u00eb drit\u00eb nga pengmarrja e 27-vje\u00e7arit n\u00eb Tiran\u00eb, ngjarje p\u00ebr t\u00eb cil\u00ebn jan\u00eb arrestuar 2 persona dhe jan\u00eb shpallur n\u00eb k\u00ebrkim 3 t\u00eb tjer\u00eb. N\u00eb pranga kan\u00eb r\u00ebn\u00eb Lusjan Kimza dhe Asmireld Nimani, nd\u00ebrsa n\u00eb k\u00ebrkim jan\u00eb shpallur , Klajdi Limani dhe Suate Cenoaliaj dhe nj\u00eb vajz\u00eb 25 vje\u00e7are. Si [&hellip;]<\/p>\n","protected":false},"author":1,"featured_media":31336,"comment_status":"open","ping_status":"closed","sticky":false,"template":"","format":"standard","meta":{"jnews-multi-image_gallery":[],"jnews_single_post":[],"jnews_primary_category":[],"jnews_social_meta":[],"jnews_review":[],"enable_review":"","type":"","name":"","summary":"","brand":"","sku":"","good":[],"bad":[],"score_override":"","override_value":"","rating":[],"price":[],"jnews_override_counter":[],"jnews_post_split":[],"footnotes":""},"categories":[44],"tags":[],"class_list":["post-31334","post","type-post","status-publish","format-standard","has-post-thumbnail","hentry","category-tvshow"],"_links":{"self":[{"href":"https:\/\/evindepaketle.com\/wp\/wp-json\/wp\/v2\/posts\/31334","targetHints":{"allow":["GET"]}}],"collection":[{"href":"https:\/\/evindepaketle.com\/wp\/wp-json\/wp\/v2\/posts"}],"about":[{"href":"https:\/\/evindepaketle.com\/wp\/wp-json\/wp\/v2\/types\/post"}],"author":[{"embeddable":true,"href":"https:\/\/evindepaketle.com\/wp\/wp-json\/wp\/v2\/users\/1"}],"replies":[{"embeddable":true,"href":"https:\/\/evindepaketle.com\/wp\/wp-json\/wp\/v2\/comments?post=31334"}],"version-history":[{"count":1,"href":"https:\/\/evindepaketle.com\/wp\/wp-json\/wp\/v2\/posts\/31334\/revisions"}],"predecessor-version":[{"id":31335,"href":"https:\/\/evindepaketle.com\/wp\/wp-json\/wp\/v2\/posts\/31334\/revisions\/31335"}],"wp:featuredmedia":[{"embeddable":true,"href":"https:\/\/evindepaketle.com\/wp\/wp-json\/wp\/v2\/media\/31336"}],"wp:attachment":[{"href":"https:\/\/evindepaketle.com\/wp\/wp-json\/wp\/v2\/media?parent=31334"}],"wp:term":[{"taxonomy":"category","embeddable":true,"href":"https:\/\/evindepaketle.com\/wp\/wp-json\/wp\/v2\/categories?post=31334"},{"taxonomy":"post_tag","embeddable":true,"href":"https:\/\/evindepaketle.com\/wp\/wp-json\/wp\/v2\/tags?post=31334"}],"curies":[{"name":"wp","href":"https:\/\/api.w.org\/{rel}","templated":true}]}}