{"id":31126,"date":"2025-11-08T08:51:22","date_gmt":"2025-11-08T08:51:22","guid":{"rendered":"https:\/\/evindepaketle.com\/wp\/?p=31126"},"modified":"2025-11-08T08:51:22","modified_gmt":"2025-11-08T08:51:22","slug":"foli-per-divorcin-e-klea-hutes-dhe-elgit-dodes-gazetari-i-njohur-hidhet-ne-gjyq-nga-cifti","status":"publish","type":"post","link":"https:\/\/evindepaketle.com\/wp\/foli-per-divorcin-e-klea-hutes-dhe-elgit-dodes-gazetari-i-njohur-hidhet-ne-gjyq-nga-cifti\/","title":{"rendered":"Foli p\u00ebr divorcin e Klea Hut\u00ebs dhe Elgit Dod\u00ebs\/ Gazetari i njohur hidhet n\u00eb gjyq nga \u00e7ifti?"},"content":{"rendered":"<div id=\"evind-167460834\" class=\"evind-bf-imag-1 evind-entity-placement\"><div id=\"div-gpt-ad-1767907234185-0\" style=\"min-width:300px;min-height:250px;\"><\/div><\/div><p>Elton Tozaj ka publikuar nj\u00eb status ku shprehet se \u00ebsht\u00eb p\u00ebrballur me thirrje n\u00eb gjykat\u00eb pasi ka zbuluar lajmin se nj\u00eb \u00e7ift showbiz-i po ndahen.<\/p>\n<p>B\u00ebhet fjal\u00eb p\u00ebr Klean dhe Elgitin, p\u00ebr t\u00eb cil\u00ebt prej disa jav\u00ebsh po aludohej se po shkojn\u00eb drejt divorcit.<\/p><div id=\"evind-1368371088\" class=\"evind-aft-img-1 evind-entity-placement\"><div id=\"div-gpt-ad-1767907274482-0\" style=\"min-width:300px;min-height:250px;\"><\/div><\/div>\n<p>N\u00eb nj\u00eb intervist\u00eb n\u00eb MCN, Tozaj tha se shkak p\u00ebr k\u00ebt\u00eb ndarje, sipas tij, \u00ebsht\u00eb b\u00ebr\u00eb nj\u00eb romanc\u00eb e re q\u00eb kantautori Doda ka nisur me nj\u00eb vajz\u00eb nga Lushnja.<\/p>\n<p>Tashm\u00eb, sipas Tozajt, k\u00ebto deklarata nuk jan\u00eb pritur mir\u00eb nga dyshja e artist\u00ebve dhe p\u00ebr ket\u00eb arsye ai ka marr\u00eb nj\u00eb thirrje n\u00eb gjykat\u00eb.<img fetchpriority=\"high\" decoding=\"async\" class=\"alignnone size-full wp-image-37745\" src=\"https:\/\/post.gazetatirana.com\/wp-content\/uploads\/2025\/11\/image-127.webp\" alt=\"\" width=\"962\" height=\"1291\" \/><\/p>\n<div id=\"evind-4228165099\" class=\"evind-aft-content evind-entity-placement\"><script async src=\"https:\/\/pagead2.googlesyndication.com\/pagead\/js\/adsbygoogle.js\"\r\n     crossorigin=\"anonymous\"><\/script>\r\n<ins class=\"adsbygoogle\"\r\n     style=\"display:block; text-align:center;\"\r\n     data-ad-layout=\"in-article\"\r\n     data-ad-format=\"fluid\"\r\n     data-ad-client=\"ca-pub-9502650571429605\"\r\n     data-page-url=\"https:\/\/evindepaketle.com\"\r\n     data-ad-slot=\"5205678616\"><\/ins>\r\n<script>\r\n     (adsbygoogle = window.adsbygoogle || []).push({});\r\n<\/script><\/div>","protected":false},"excerpt":{"rendered":"<p>Elton Tozaj ka publikuar nj\u00eb status ku shprehet se \u00ebsht\u00eb p\u00ebrballur me thirrje n\u00eb gjykat\u00eb pasi ka zbuluar lajmin se nj\u00eb \u00e7ift showbiz-i po ndahen. B\u00ebhet fjal\u00eb p\u00ebr Klean dhe Elgitin, p\u00ebr t\u00eb cil\u00ebt prej disa jav\u00ebsh po aludohej se po shkojn\u00eb drejt divorcit. N\u00eb nj\u00eb intervist\u00eb n\u00eb MCN, Tozaj tha se shkak p\u00ebr k\u00ebt\u00eb [&hellip;]<\/p>\n","protected":false},"author":1,"featured_media":31128,"comment_status":"open","ping_status":"closed","sticky":false,"template":"","format":"standard","meta":{"jnews-multi-image_gallery":[],"jnews_single_post":[],"jnews_primary_category":[],"jnews_social_meta":[],"jnews_review":[],"enable_review":"","type":"","name":"","summary":"","brand":"","sku":"","good":[],"bad":[],"score_override":"","override_value":"","rating":[],"price":[],"jnews_override_counter":[],"jnews_post_split":[],"footnotes":""},"categories":[44],"tags":[],"class_list":["post-31126","post","type-post","status-publish","format-standard","has-post-thumbnail","hentry","category-tvshow"],"_links":{"self":[{"href":"https:\/\/evindepaketle.com\/wp\/wp-json\/wp\/v2\/posts\/31126","targetHints":{"allow":["GET"]}}],"collection":[{"href":"https:\/\/evindepaketle.com\/wp\/wp-json\/wp\/v2\/posts"}],"about":[{"href":"https:\/\/evindepaketle.com\/wp\/wp-json\/wp\/v2\/types\/post"}],"author":[{"embeddable":true,"href":"https:\/\/evindepaketle.com\/wp\/wp-json\/wp\/v2\/users\/1"}],"replies":[{"embeddable":true,"href":"https:\/\/evindepaketle.com\/wp\/wp-json\/wp\/v2\/comments?post=31126"}],"version-history":[{"count":1,"href":"https:\/\/evindepaketle.com\/wp\/wp-json\/wp\/v2\/posts\/31126\/revisions"}],"predecessor-version":[{"id":31127,"href":"https:\/\/evindepaketle.com\/wp\/wp-json\/wp\/v2\/posts\/31126\/revisions\/31127"}],"wp:featuredmedia":[{"embeddable":true,"href":"https:\/\/evindepaketle.com\/wp\/wp-json\/wp\/v2\/media\/31128"}],"wp:attachment":[{"href":"https:\/\/evindepaketle.com\/wp\/wp-json\/wp\/v2\/media?parent=31126"}],"wp:term":[{"taxonomy":"category","embeddable":true,"href":"https:\/\/evindepaketle.com\/wp\/wp-json\/wp\/v2\/categories?post=31126"},{"taxonomy":"post_tag","embeddable":true,"href":"https:\/\/evindepaketle.com\/wp\/wp-json\/wp\/v2\/tags?post=31126"}],"curies":[{"name":"wp","href":"https:\/\/api.w.org\/{rel}","templated":true}]}}