{"id":30551,"date":"2025-10-30T09:34:31","date_gmt":"2025-10-30T09:34:31","guid":{"rendered":"https:\/\/evindepaketle.com\/wp\/?p=30551"},"modified":"2025-10-30T09:34:32","modified_gmt":"2025-10-30T09:34:32","slug":"jane-ndare-apo-jo-klea-huta-vendos-te-tregoje-te-verteten","status":"publish","type":"post","link":"https:\/\/evindepaketle.com\/wp\/jane-ndare-apo-jo-klea-huta-vendos-te-tregoje-te-verteten\/","title":{"rendered":"Jan\u00eb ndar\u00eb apo jo, Klea Huta vendos t\u00eb TREGOJE t\u00eb v\u00ebrtet\u00ebn!"},"content":{"rendered":"<div id=\"evind-3582674619\" class=\"evind-bf-imag-1 evind-entity-placement\"><div id=\"div-gpt-ad-1767907234185-0\" style=\"min-width:300px;min-height:250px;\"><\/div><\/div><p>Klea Huta ka hedhur posht\u00eb n\u00eb m\u00ebnyr\u00eb t\u00eb t\u00ebrthort\u00eb z\u00ebrat p\u00ebr ndarje nga Elgit Doda.<\/p>\n<p>Moderatorja ka publikuar s\u00eb fundmi n\u00eb Instagram disa foto ku vihet re qart\u00eb unaza n\u00eb dor\u00eb, duke mbyllur k\u00ebshtu thashethemet q\u00eb qarkulluan dit\u00ebt e fundit n\u00eb rrjete sociale.<\/p><div id=\"evind-3322279962\" class=\"evind-aft-img-1 evind-entity-placement\"><div id=\"div-gpt-ad-1767907274482-0\" style=\"min-width:300px;min-height:250px;\"><\/div><\/div>\n<p>Z\u00ebrat p\u00ebr nj\u00eb kriz\u00eb n\u00eb \u00e7ift nis\u00ebn pasi prej koh\u00ebsh ata nuk kishin m\u00eb foto t\u00eb p\u00ebrbashk\u00ebta n\u00eb profilet e tyre, \u00e7ka u interpretua nga ndjek\u00ebsit si shenj\u00eb ftohjeje.<\/p>\n<p>Vet\u00ebm tre jav\u00eb m\u00eb par\u00eb, Klea komentoi n\u00eb nj\u00eb postim t\u00eb Elgitit, nd\u00ebrsa t\u00eb dy vazhdojn\u00eb ta ndjekin nj\u00ebri-tjetrin n\u00eb Instagram.<\/p>\n<p><img fetchpriority=\"high\" decoding=\"async\" class=\"alignnone size-full wp-image-36939\" src=\"https:\/\/post.gazetatirana.com\/wp-content\/uploads\/2025\/10\/image-617.webp\" alt=\"\" width=\"602\" height=\"866\" \/><\/p>\n<p>T\u00eb gjitha k\u00ebto detaje tregojn\u00eb se marr\u00ebdh\u00ebnia e tyre duket e q\u00ebndrueshme, pavar\u00ebsisht munges\u00ebs s\u00eb shfaqjeve publike s\u00eb bashku.<\/p>\n<div id=\"evind-3860058920\" class=\"evind-aft-content evind-entity-placement\"><script async src=\"https:\/\/pagead2.googlesyndication.com\/pagead\/js\/adsbygoogle.js\"\r\n     crossorigin=\"anonymous\"><\/script>\r\n<ins class=\"adsbygoogle\"\r\n     style=\"display:block; text-align:center;\"\r\n     data-ad-layout=\"in-article\"\r\n     data-ad-format=\"fluid\"\r\n     data-ad-client=\"ca-pub-9502650571429605\"\r\n     data-page-url=\"https:\/\/evindepaketle.com\"\r\n     data-ad-slot=\"5205678616\"><\/ins>\r\n<script>\r\n     (adsbygoogle = window.adsbygoogle || []).push({});\r\n<\/script><\/div>","protected":false},"excerpt":{"rendered":"<p>Klea Huta ka hedhur posht\u00eb n\u00eb m\u00ebnyr\u00eb t\u00eb t\u00ebrthort\u00eb z\u00ebrat p\u00ebr ndarje nga Elgit Doda. Moderatorja ka publikuar s\u00eb fundmi n\u00eb Instagram disa foto ku vihet re qart\u00eb unaza n\u00eb dor\u00eb, duke mbyllur k\u00ebshtu thashethemet q\u00eb qarkulluan dit\u00ebt e fundit n\u00eb rrjete sociale. Z\u00ebrat p\u00ebr nj\u00eb kriz\u00eb n\u00eb \u00e7ift nis\u00ebn pasi prej koh\u00ebsh ata nuk [&hellip;]<\/p>\n","protected":false},"author":1,"featured_media":30553,"comment_status":"open","ping_status":"closed","sticky":false,"template":"","format":"standard","meta":{"jnews-multi-image_gallery":[],"jnews_single_post":[],"jnews_primary_category":[],"jnews_social_meta":[],"jnews_review":[],"enable_review":"","type":"","name":"","summary":"","brand":"","sku":"","good":[],"bad":[],"score_override":"","override_value":"","rating":[],"price":[],"jnews_override_counter":[],"jnews_post_split":[],"footnotes":""},"categories":[43],"tags":[1046,1047],"class_list":["post-30551","post","type-post","status-publish","format-standard","has-post-thumbnail","hentry","category-te-fundit","tag-elgit-doda","tag-klea-huta"],"_links":{"self":[{"href":"https:\/\/evindepaketle.com\/wp\/wp-json\/wp\/v2\/posts\/30551","targetHints":{"allow":["GET"]}}],"collection":[{"href":"https:\/\/evindepaketle.com\/wp\/wp-json\/wp\/v2\/posts"}],"about":[{"href":"https:\/\/evindepaketle.com\/wp\/wp-json\/wp\/v2\/types\/post"}],"author":[{"embeddable":true,"href":"https:\/\/evindepaketle.com\/wp\/wp-json\/wp\/v2\/users\/1"}],"replies":[{"embeddable":true,"href":"https:\/\/evindepaketle.com\/wp\/wp-json\/wp\/v2\/comments?post=30551"}],"version-history":[{"count":1,"href":"https:\/\/evindepaketle.com\/wp\/wp-json\/wp\/v2\/posts\/30551\/revisions"}],"predecessor-version":[{"id":30552,"href":"https:\/\/evindepaketle.com\/wp\/wp-json\/wp\/v2\/posts\/30551\/revisions\/30552"}],"wp:featuredmedia":[{"embeddable":true,"href":"https:\/\/evindepaketle.com\/wp\/wp-json\/wp\/v2\/media\/30553"}],"wp:attachment":[{"href":"https:\/\/evindepaketle.com\/wp\/wp-json\/wp\/v2\/media?parent=30551"}],"wp:term":[{"taxonomy":"category","embeddable":true,"href":"https:\/\/evindepaketle.com\/wp\/wp-json\/wp\/v2\/categories?post=30551"},{"taxonomy":"post_tag","embeddable":true,"href":"https:\/\/evindepaketle.com\/wp\/wp-json\/wp\/v2\/tags?post=30551"}],"curies":[{"name":"wp","href":"https:\/\/api.w.org\/{rel}","templated":true}]}}