{"id":28928,"date":"2025-10-06T12:10:29","date_gmt":"2025-10-06T12:10:29","guid":{"rendered":"https:\/\/evindepaketle.com\/wp\/?p=28928"},"modified":"2025-10-06T12:10:29","modified_gmt":"2025-10-06T12:10:29","slug":"me-mire-te-vdsja-se-ta-shihja-ashtu-plagosja-pas-sherrit-ne-shkolle-nena-e-nje-prej-te-miturve-hyri-per-te-ndare-shoket","status":"publish","type":"post","link":"https:\/\/evindepaketle.com\/wp\/me-mire-te-vdsja-se-ta-shihja-ashtu-plagosja-pas-sherrit-ne-shkolle-nena-e-nje-prej-te-miturve-hyri-per-te-ndare-shoket\/","title":{"rendered":"\u201cM\u00eb mir\u00eb t\u00eb vd*sja se ta shihja ashtu\u201d\/ Plagosja pas sherrit n\u00eb shkoll\u00eb, n\u00ebna e nj\u00eb prej t\u00eb miturve: Hyri p\u00ebr t\u00eb ndar\u00eb shok\u00ebt\u2026"},"content":{"rendered":"<div id=\"evind-2550102354\" class=\"evind-bf-imag-1 evind-entity-placement\"><div id=\"div-gpt-ad-1767907234185-0\" style=\"min-width:300px;min-height:250px;\"><\/div><\/div><p>Arta Lika, n\u00ebna e nj\u00eb prej nx\u00ebn\u00ebsve t\u00eb plagosur nga sherri i ndodhur n\u00eb gjimnazin \u201cIbrahim Rugova\u201d t\u00eb Kamz\u00ebs, ka folur sot n\u00eb \u201cShqip\u00ebria Live\u201d.<\/p>\n<p>Ajo ka treguar se p\u00ebr sherri ne mori vesh nga m\u00ebsuesja e djalit, e cila i tregoi se djali ishte p\u00ebrfshir\u00eb n\u00eb nj\u00eb sherr dhe ka mbetur i plagosur.<\/p><div id=\"evind-2800871424\" class=\"evind-aft-img-1 evind-entity-placement\"><div id=\"div-gpt-ad-1767907274482-0\" style=\"min-width:300px;min-height:250px;\"><\/div><\/div>\n<p>\u201cMua m\u00eb njoftoi zysha, m\u00eb telefonoi dhe tha q\u00eb \u00e7uni ka b\u00ebr\u00eb nj\u00eb ngarkes\u00eb.<\/p>\n<p>M\u00eb tha q\u00eb \u00ebsht\u00eb p\u00ebrfshir\u00eb n\u00eb nj\u00eb sherr dhe q\u00eb \u00ebsht\u00eb marr\u00eb nga ambulanca. Ishte tek ushtaraku, ka q\u00ebndruar diku tek 3 or\u00eb e 30 minuta.<\/p>\n<p>Ka dy plag\u00eb, n\u00eb brinj\u00eb dhe n\u00eb kok\u00eb. Djali m\u00eb tha se kishte hyr\u00eb p\u00ebr t\u00eb ndar\u00eb nj\u00eb sherr, ku ishte p\u00ebrfshir\u00eb nj\u00eb shok i tij. Ishin p\u00ebrfshir\u00eb 3-4 veta.<\/p>\n<p>Djalin e nisa p\u00ebr n\u00eb shkoll\u00eb. por nuk dihet si vjen. M\u00eb mir\u00eb t\u00eb kisha vdekur, se ta shihja djalin ashtu n\u00eb spital. Mendoja se e kisha t\u00eb sigurt n\u00eb shkoll\u00eb. Shkolla nuk na ka b\u00ebr\u00eb asnj\u00eb njoftim zyrtar, as policia nuk na ka kontaktuar fare.<\/p>\n<p>Policia nuk \u00ebsht\u00eb marr\u00eb fare me ne. Fajin e l\u00eb tek shkolla, pasi un\u00eb e kam nisur djalin p\u00ebr shkoll\u00eb, jo p\u00ebr ta \u00e7uar n\u00eb spital. N\u00ebse ai \u00ebsht\u00eb problematik ta p\u00ebrjashtojn\u00eb por jo k\u00ebshtu. Djali ka patur disa ngat\u00ebrresa t\u00eb vogla m\u00eb par\u00eb por jo t\u00eb tilla.\u201d\u2013 tha ajo.<\/p>\n<div id=\"evind-2372950749\" class=\"evind-aft-content evind-entity-placement\"><script async src=\"https:\/\/pagead2.googlesyndication.com\/pagead\/js\/adsbygoogle.js\"\r\n     crossorigin=\"anonymous\"><\/script>\r\n<ins class=\"adsbygoogle\"\r\n     style=\"display:block; text-align:center;\"\r\n     data-ad-layout=\"in-article\"\r\n     data-ad-format=\"fluid\"\r\n     data-ad-client=\"ca-pub-9502650571429605\"\r\n     data-page-url=\"https:\/\/evindepaketle.com\"\r\n     data-ad-slot=\"5205678616\"><\/ins>\r\n<script>\r\n     (adsbygoogle = window.adsbygoogle || []).push({});\r\n<\/script><\/div>","protected":false},"excerpt":{"rendered":"<p>Arta Lika, n\u00ebna e nj\u00eb prej nx\u00ebn\u00ebsve t\u00eb plagosur nga sherri i ndodhur n\u00eb gjimnazin \u201cIbrahim Rugova\u201d t\u00eb Kamz\u00ebs, ka folur sot n\u00eb \u201cShqip\u00ebria Live\u201d. Ajo ka treguar se p\u00ebr sherri ne mori vesh nga m\u00ebsuesja e djalit, e cila i tregoi se djali ishte p\u00ebrfshir\u00eb n\u00eb nj\u00eb sherr dhe ka mbetur i plagosur. \u201cMua [&hellip;]<\/p>\n","protected":false},"author":1,"featured_media":28930,"comment_status":"open","ping_status":"closed","sticky":false,"template":"","format":"standard","meta":{"jnews-multi-image_gallery":[],"jnews_single_post":[],"jnews_primary_category":[],"jnews_social_meta":[],"jnews_review":[],"enable_review":"","type":"","name":"","summary":"","brand":"","sku":"","good":[],"bad":[],"score_override":"","override_value":"","rating":[],"price":[],"jnews_override_counter":[],"jnews_post_split":[],"footnotes":""},"categories":[45],"tags":[],"class_list":["post-28928","post","type-post","status-publish","format-standard","has-post-thumbnail","hentry","category-showbizi"],"_links":{"self":[{"href":"https:\/\/evindepaketle.com\/wp\/wp-json\/wp\/v2\/posts\/28928","targetHints":{"allow":["GET"]}}],"collection":[{"href":"https:\/\/evindepaketle.com\/wp\/wp-json\/wp\/v2\/posts"}],"about":[{"href":"https:\/\/evindepaketle.com\/wp\/wp-json\/wp\/v2\/types\/post"}],"author":[{"embeddable":true,"href":"https:\/\/evindepaketle.com\/wp\/wp-json\/wp\/v2\/users\/1"}],"replies":[{"embeddable":true,"href":"https:\/\/evindepaketle.com\/wp\/wp-json\/wp\/v2\/comments?post=28928"}],"version-history":[{"count":1,"href":"https:\/\/evindepaketle.com\/wp\/wp-json\/wp\/v2\/posts\/28928\/revisions"}],"predecessor-version":[{"id":28929,"href":"https:\/\/evindepaketle.com\/wp\/wp-json\/wp\/v2\/posts\/28928\/revisions\/28929"}],"wp:featuredmedia":[{"embeddable":true,"href":"https:\/\/evindepaketle.com\/wp\/wp-json\/wp\/v2\/media\/28930"}],"wp:attachment":[{"href":"https:\/\/evindepaketle.com\/wp\/wp-json\/wp\/v2\/media?parent=28928"}],"wp:term":[{"taxonomy":"category","embeddable":true,"href":"https:\/\/evindepaketle.com\/wp\/wp-json\/wp\/v2\/categories?post=28928"},{"taxonomy":"post_tag","embeddable":true,"href":"https:\/\/evindepaketle.com\/wp\/wp-json\/wp\/v2\/tags?post=28928"}],"curies":[{"name":"wp","href":"https:\/\/api.w.org\/{rel}","templated":true}]}}