{"id":26813,"date":"2025-09-08T15:23:40","date_gmt":"2025-09-08T15:23:40","guid":{"rendered":"https:\/\/evindepaketle.com\/wp\/?p=26813"},"modified":"2025-09-08T15:23:41","modified_gmt":"2025-09-08T15:23:41","slug":"e-vetme-3-ore-e-zhdukur-egli-tako-rrefen-tmerrin-qe-i-ndodhi-humba-ne","status":"publish","type":"post","link":"https:\/\/evindepaketle.com\/wp\/e-vetme-3-ore-e-zhdukur-egli-tako-rrefen-tmerrin-qe-i-ndodhi-humba-ne\/","title":{"rendered":"E vetme 3 or\u00eb e \u201czhdukur\u201d\/ Egli Tako rr\u00ebfen tmerrin q\u00eb i ndodhi: Humba n\u00eb\u2026"},"content":{"rendered":"<div id=\"evind-7609232\" class=\"evind-bf-imag-1 evind-entity-placement\"><div id=\"div-gpt-ad-1767907234185-0\" style=\"min-width:300px;min-height:250px;\"><\/div><\/div><p>Nj\u00eb eksperienc\u00eb e frikshme i ka ndodhur ish-finalistes s\u00eb Big Brother Albania 4, Egli Tako, gjat\u00eb nj\u00eb udh\u00ebtimi n\u00eb Mal t\u00eb Zi.<\/p>\n<p>P\u00ebrmes disa postimeve n\u00eb rrjetet sociale, ajo ka ndar\u00eb me ndjek\u00ebsit momentet e v\u00ebshtira q\u00eb p\u00ebrjetoi, kur p\u00ebr disa or\u00eb humbi e vetme n\u00eb terrenet e thyer malore.<\/p><div id=\"evind-72417184\" class=\"evind-aft-img-1 evind-entity-placement\"><div id=\"div-gpt-ad-1767907274482-0\" style=\"min-width:300px;min-height:250px;\"><\/div><\/div>\n<p>N\u00eb nj\u00eb prej rr\u00ebfimeve t\u00eb saj, Egli shkruan:<\/p>\n<p>\u201cMe sukses mbasi humba p\u00ebr rreth 3 or\u00eb komplet e vetme n\u00ebp\u00ebr majat e thepisura t\u00eb Maleve n\u00eb Mal t\u00eb Zi. Fati deshi ta gjej rrug\u00ebn time pa pyetur ask\u00ebnd. Dhe jo, s\u2019po e dramatizoj. Humba v\u00ebrtet\u00eb.\u201d<\/p>\n<p>Ajo ka treguar se gjat\u00eb asaj kohe e pushtoi paniku dhe mendoi p\u00ebr skenarin m\u00eb t\u00eb keq. Madje, Egli realizoi edhe nj\u00eb fotografi, si kujtim p\u00ebr t\u00eb af\u00ebrmit, n\u00eb rast se nuk do t\u00eb arrinte t\u00eb gjente dot rrug\u00ebn e kthimit.<img fetchpriority=\"high\" decoding=\"async\" class=\"alignnone size-full wp-image-32064\" src=\"https:\/\/post.gazetatirana.com\/wp-content\/uploads\/2025\/09\/image-185.webp\" alt=\"\" width=\"1019\" height=\"1779\" \/><\/p>\n<p>\u201cK\u00ebt\u00eb foton e shkrepa gjat\u00eb nj\u00eb aritmie disa sekond\u00ebshe p\u00ebr ta pasur kujtim njer\u00ebzit e dashur, n\u00eb rast se nuk e gjeja m\u00eb kurr\u00eb rrug\u00ebn dhe \u00e7do gj\u00eb mbaronte n\u00eb ato male. S\u2019dua t\u00eb shoh m\u00eb mal me sy p\u00ebr 5 vitet e ardhshme. I urrej malet nga sot.\u201d \u2013 ka shkruar ajo.<img decoding=\"async\" class=\"alignnone size-full wp-image-32063\" src=\"https:\/\/post.gazetatirana.com\/wp-content\/uploads\/2025\/09\/image-184.webp\" alt=\"\" width=\"993\" height=\"1773\" \/><\/p>\n<p>P\u00ebr fat t\u00eb mir\u00eb, gjith\u00e7ka p\u00ebrfundoi mir\u00eb dhe Egli arriti t\u00eb rikthehej n\u00eb rrug\u00ebn e duhur, duke shp\u00ebtuar nga nj\u00eb situat\u00eb q\u00eb mund t\u00eb kishte pasur pasoja m\u00eb t\u00eb r\u00ebnda.<\/p>\n<div id=\"evind-2820405419\" class=\"evind-aft-content evind-entity-placement\"><script async src=\"https:\/\/pagead2.googlesyndication.com\/pagead\/js\/adsbygoogle.js\"\r\n     crossorigin=\"anonymous\"><\/script>\r\n<ins class=\"adsbygoogle\"\r\n     style=\"display:block; text-align:center;\"\r\n     data-ad-layout=\"in-article\"\r\n     data-ad-format=\"fluid\"\r\n     data-ad-client=\"ca-pub-9502650571429605\"\r\n     data-page-url=\"https:\/\/evindepaketle.com\"\r\n     data-ad-slot=\"5205678616\"><\/ins>\r\n<script>\r\n     (adsbygoogle = window.adsbygoogle || []).push({});\r\n<\/script><\/div>","protected":false},"excerpt":{"rendered":"<p>Nj\u00eb eksperienc\u00eb e frikshme i ka ndodhur ish-finalistes s\u00eb Big Brother Albania 4, Egli Tako, gjat\u00eb nj\u00eb udh\u00ebtimi n\u00eb Mal t\u00eb Zi. P\u00ebrmes disa postimeve n\u00eb rrjetet sociale, ajo ka ndar\u00eb me ndjek\u00ebsit momentet e v\u00ebshtira q\u00eb p\u00ebrjetoi, kur p\u00ebr disa or\u00eb humbi e vetme n\u00eb terrenet e thyer malore. N\u00eb nj\u00eb prej rr\u00ebfimeve t\u00eb [&hellip;]<\/p>\n","protected":false},"author":1,"featured_media":26815,"comment_status":"open","ping_status":"closed","sticky":false,"template":"","format":"standard","meta":{"jnews-multi-image_gallery":[],"jnews_single_post":[],"jnews_primary_category":[],"jnews_social_meta":[],"jnews_review":[],"enable_review":"","type":"","name":"","summary":"","brand":"","sku":"","good":[],"bad":[],"score_override":"","override_value":"","rating":[],"price":[],"jnews_override_counter":[],"jnews_post_split":[],"footnotes":""},"categories":[44],"tags":[],"class_list":["post-26813","post","type-post","status-publish","format-standard","has-post-thumbnail","hentry","category-tvshow"],"_links":{"self":[{"href":"https:\/\/evindepaketle.com\/wp\/wp-json\/wp\/v2\/posts\/26813","targetHints":{"allow":["GET"]}}],"collection":[{"href":"https:\/\/evindepaketle.com\/wp\/wp-json\/wp\/v2\/posts"}],"about":[{"href":"https:\/\/evindepaketle.com\/wp\/wp-json\/wp\/v2\/types\/post"}],"author":[{"embeddable":true,"href":"https:\/\/evindepaketle.com\/wp\/wp-json\/wp\/v2\/users\/1"}],"replies":[{"embeddable":true,"href":"https:\/\/evindepaketle.com\/wp\/wp-json\/wp\/v2\/comments?post=26813"}],"version-history":[{"count":1,"href":"https:\/\/evindepaketle.com\/wp\/wp-json\/wp\/v2\/posts\/26813\/revisions"}],"predecessor-version":[{"id":26814,"href":"https:\/\/evindepaketle.com\/wp\/wp-json\/wp\/v2\/posts\/26813\/revisions\/26814"}],"wp:featuredmedia":[{"embeddable":true,"href":"https:\/\/evindepaketle.com\/wp\/wp-json\/wp\/v2\/media\/26815"}],"wp:attachment":[{"href":"https:\/\/evindepaketle.com\/wp\/wp-json\/wp\/v2\/media?parent=26813"}],"wp:term":[{"taxonomy":"category","embeddable":true,"href":"https:\/\/evindepaketle.com\/wp\/wp-json\/wp\/v2\/categories?post=26813"},{"taxonomy":"post_tag","embeddable":true,"href":"https:\/\/evindepaketle.com\/wp\/wp-json\/wp\/v2\/tags?post=26813"}],"curies":[{"name":"wp","href":"https:\/\/api.w.org\/{rel}","templated":true}]}}