{"id":26725,"date":"2025-09-07T10:34:30","date_gmt":"2025-09-07T10:34:30","guid":{"rendered":"https:\/\/evindepaketle.com\/wp\/?p=26725"},"modified":"2025-09-07T10:34:31","modified_gmt":"2025-09-07T10:34:31","slug":"aksident-i-rende-ne-aksin-burrel-klos-nje-person-ne-gjendje-te-rende-dergohet-ne-tirane","status":"publish","type":"post","link":"https:\/\/evindepaketle.com\/wp\/aksident-i-rende-ne-aksin-burrel-klos-nje-person-ne-gjendje-te-rende-dergohet-ne-tirane\/","title":{"rendered":"Aksident i r\u00ebnd\u00eb n\u00eb aksin Burrel\u2013Klos\/ Nj\u00eb person n\u00eb gjendje t\u00eb r\u00ebnd\u00eb d\u00ebrgohet n\u00eb Tiran\u00eb"},"content":{"rendered":"<div id=\"evind-4290470822\" class=\"evind-bf-imag-1 evind-entity-placement\"><div id=\"div-gpt-ad-1767907234185-0\" style=\"min-width:300px;min-height:250px;\"><\/div><\/div><p>Nj\u00eb aksident rrugor \u00ebsht\u00eb regjistruar paraditen e sotme n\u00eb rrug\u00ebn nacionale Burrel\u2013Klos, ku nj\u00eb automjet \u00ebsht\u00eb p\u00ebrplasur me nj\u00eb motor. P\u00ebr pasoj\u00eb, drejtuesi i motorit ka mbetur i plagosur.<\/p>\n<p>Fillimisht, i d\u00ebmtuari ka marr\u00eb ndihm\u00ebn e par\u00eb n\u00eb qendr\u00ebn sh\u00ebndet\u00ebsore t\u00eb Klosit, m\u00eb pas \u00ebsht\u00eb transportuar n\u00eb spitalin e Burrelit, ku pas trajtimit mjek\u00ebsor \u00ebsht\u00eb d\u00ebrguar me ambulanc\u00eb drejt Tiran\u00ebs p\u00ebr mjekim t\u00eb specializuar.<\/p><div id=\"evind-2019104\" class=\"evind-aft-img-1 evind-entity-placement\"><div id=\"div-gpt-ad-1767907274482-0\" style=\"min-width:300px;min-height:250px;\"><\/div><\/div>\n<p>N\u00eb vendngjarje ndodhen forcat e policis\u00eb dhe grupi hetimor, t\u00eb cil\u00ebt po punojn\u00eb p\u00ebr zbardhjen e rrethanave dhe shkaqeve t\u00eb aksidentit.<\/p>\n<p>Banor\u00ebt e zon\u00ebs theksojn\u00eb se kjo rrug\u00eb \u00ebsht\u00eb shpesh problematike, pasi aksidente t\u00eb ngjashme kan\u00eb ndodhur edhe m\u00eb par\u00eb n\u00eb k\u00ebt\u00eb segment.<\/p>\n<div id=\"evind-1079580427\" class=\"evind-aft-content evind-entity-placement\"><script async src=\"https:\/\/pagead2.googlesyndication.com\/pagead\/js\/adsbygoogle.js\"\r\n     crossorigin=\"anonymous\"><\/script>\r\n<ins class=\"adsbygoogle\"\r\n     style=\"display:block; text-align:center;\"\r\n     data-ad-layout=\"in-article\"\r\n     data-ad-format=\"fluid\"\r\n     data-ad-client=\"ca-pub-9502650571429605\"\r\n     data-page-url=\"https:\/\/evindepaketle.com\"\r\n     data-ad-slot=\"5205678616\"><\/ins>\r\n<script>\r\n     (adsbygoogle = window.adsbygoogle || []).push({});\r\n<\/script><\/div>","protected":false},"excerpt":{"rendered":"<p>Nj\u00eb aksident rrugor \u00ebsht\u00eb regjistruar paraditen e sotme n\u00eb rrug\u00ebn nacionale Burrel\u2013Klos, ku nj\u00eb automjet \u00ebsht\u00eb p\u00ebrplasur me nj\u00eb motor. P\u00ebr pasoj\u00eb, drejtuesi i motorit ka mbetur i plagosur. Fillimisht, i d\u00ebmtuari ka marr\u00eb ndihm\u00ebn e par\u00eb n\u00eb qendr\u00ebn sh\u00ebndet\u00ebsore t\u00eb Klosit, m\u00eb pas \u00ebsht\u00eb transportuar n\u00eb spitalin e Burrelit, ku pas trajtimit mjek\u00ebsor \u00ebsht\u00eb [&hellip;]<\/p>\n","protected":false},"author":1,"featured_media":26727,"comment_status":"open","ping_status":"closed","sticky":false,"template":"","format":"standard","meta":{"jnews-multi-image_gallery":[],"jnews_single_post":[],"jnews_primary_category":[],"jnews_social_meta":[],"jnews_review":[],"enable_review":"","type":"","name":"","summary":"","brand":"","sku":"","good":[],"bad":[],"score_override":"","override_value":"","rating":[],"price":[],"jnews_override_counter":[],"jnews_post_split":[],"footnotes":""},"categories":[44],"tags":[],"class_list":["post-26725","post","type-post","status-publish","format-standard","has-post-thumbnail","hentry","category-tvshow"],"_links":{"self":[{"href":"https:\/\/evindepaketle.com\/wp\/wp-json\/wp\/v2\/posts\/26725","targetHints":{"allow":["GET"]}}],"collection":[{"href":"https:\/\/evindepaketle.com\/wp\/wp-json\/wp\/v2\/posts"}],"about":[{"href":"https:\/\/evindepaketle.com\/wp\/wp-json\/wp\/v2\/types\/post"}],"author":[{"embeddable":true,"href":"https:\/\/evindepaketle.com\/wp\/wp-json\/wp\/v2\/users\/1"}],"replies":[{"embeddable":true,"href":"https:\/\/evindepaketle.com\/wp\/wp-json\/wp\/v2\/comments?post=26725"}],"version-history":[{"count":1,"href":"https:\/\/evindepaketle.com\/wp\/wp-json\/wp\/v2\/posts\/26725\/revisions"}],"predecessor-version":[{"id":26726,"href":"https:\/\/evindepaketle.com\/wp\/wp-json\/wp\/v2\/posts\/26725\/revisions\/26726"}],"wp:featuredmedia":[{"embeddable":true,"href":"https:\/\/evindepaketle.com\/wp\/wp-json\/wp\/v2\/media\/26727"}],"wp:attachment":[{"href":"https:\/\/evindepaketle.com\/wp\/wp-json\/wp\/v2\/media?parent=26725"}],"wp:term":[{"taxonomy":"category","embeddable":true,"href":"https:\/\/evindepaketle.com\/wp\/wp-json\/wp\/v2\/categories?post=26725"},{"taxonomy":"post_tag","embeddable":true,"href":"https:\/\/evindepaketle.com\/wp\/wp-json\/wp\/v2\/tags?post=26725"}],"curies":[{"name":"wp","href":"https:\/\/api.w.org\/{rel}","templated":true}]}}