{"id":24375,"date":"2025-08-04T20:01:53","date_gmt":"2025-08-04T20:01:53","guid":{"rendered":"https:\/\/evindepaketle.com\/wp\/?p=24375"},"modified":"2025-08-04T20:01:53","modified_gmt":"2025-08-04T20:01:53","slug":"e-rende-ishte-raportuar-i-zhdukur-gjendet-nje-person-i-groposur-policia-dyshon-per-vrsje-me","status":"publish","type":"post","link":"https:\/\/evindepaketle.com\/wp\/e-rende-ishte-raportuar-i-zhdukur-gjendet-nje-person-i-groposur-policia-dyshon-per-vrsje-me\/","title":{"rendered":"E r\u00ebnd\u00eb\/ Ishte raportuar i zhdukur, gjendet nj\u00eb person i groposur. Policia dyshon p\u00ebr vr*sje me&#8230;"},"content":{"rendered":"<div id=\"evind-3657259245\" class=\"evind-bf-imag-1 evind-entity-placement\"><div id=\"div-gpt-ad-1767907234185-0\" style=\"min-width:300px;min-height:250px;\"><\/div><\/div><p>Nj\u00eb ngjarje e r\u00ebnd\u00eb ka ndodhur n\u00eb fshatin Bainc\u00eb t\u00eb komun\u00ebs s\u00eb Lipjanit, ku \u00ebsht\u00eb gjetur i vdekur dhe i groposur nj\u00eb burr\u00eb, i cili ishte raportuar m\u00eb her\u00ebt si person i zhdukur.<\/p>\n<p>Lajmin e ka konfirmuar z\u00ebdh\u00ebn\u00ebsja e Policis\u00eb p\u00ebr rajonin e Prishtin\u00ebs, Flora Ahmeti, e cila tha se rasti po trajtohet si vrasje e r\u00ebnd\u00eb.<\/p><div id=\"evind-3468671016\" class=\"evind-aft-img-1 evind-entity-placement\"><div id=\"div-gpt-ad-1767907274482-0\" style=\"min-width:300px;min-height:250px;\"><\/div><\/div>\n<p>\u201cSot rreth or\u00ebs 12:00, n\u00eb fshatin Baic\u00eb t\u00eb Lipjanit, \u00ebsht\u00eb gjetur i groposur nj\u00eb trup i pajet\u00eb (ende i paidentifikuar). Hetuesit policor\u00eb, n\u00eb koordinim me prokurorin\u00eb, kan\u00eb nisur veprimet procedurale, nd\u00ebrsa trupi \u00ebsht\u00eb d\u00ebrguar n\u00eb Institutin e Mjek\u00ebsis\u00eb Ligjore p\u00ebr autopsi dhe identifikim\u201d, ka th\u00ebn\u00eb Ahmeti.<\/p>\n<p>Sipas informacioneve t\u00eb para, trupi i pajet\u00eb \u00ebsht\u00eb gjetur nga familjar\u00ebt e viktim\u00ebs, i cili ishte raportuar i zhdukur. Dyshohet se i groposur \u00ebsht\u00eb gjetur Enver Bajraktari, zhdukjen e t\u00eb cilit e b\u00ebri t\u00eb ditur familja e tij, e cila k\u00ebrkoi edhe ndihm\u00eb p\u00ebr ta gjetur.<\/p>\n<p>Hetimet jan\u00eb duke vazhduar, nd\u00ebrsa autoritetet nuk kan\u00eb dh\u00ebn\u00eb ende detaje mbi motivet apo t\u00eb dyshuarit e mundsh\u00ebm. Policia dhe prokuroria kan\u00eb nisur pun\u00ebn p\u00ebr zbardhjen e plot\u00eb t\u00eb k\u00ebsaj ngjarjeje.<\/p>\n<div id=\"evind-2571665773\" class=\"evind-aft-content evind-entity-placement\"><script async src=\"https:\/\/pagead2.googlesyndication.com\/pagead\/js\/adsbygoogle.js\"\r\n     crossorigin=\"anonymous\"><\/script>\r\n<ins class=\"adsbygoogle\"\r\n     style=\"display:block; text-align:center;\"\r\n     data-ad-layout=\"in-article\"\r\n     data-ad-format=\"fluid\"\r\n     data-ad-client=\"ca-pub-9502650571429605\"\r\n     data-page-url=\"https:\/\/evindepaketle.com\"\r\n     data-ad-slot=\"5205678616\"><\/ins>\r\n<script>\r\n     (adsbygoogle = window.adsbygoogle || []).push({});\r\n<\/script><\/div>","protected":false},"excerpt":{"rendered":"<p>Nj\u00eb ngjarje e r\u00ebnd\u00eb ka ndodhur n\u00eb fshatin Bainc\u00eb t\u00eb komun\u00ebs s\u00eb Lipjanit, ku \u00ebsht\u00eb gjetur i vdekur dhe i groposur nj\u00eb burr\u00eb, i cili ishte raportuar m\u00eb her\u00ebt si person i zhdukur. Lajmin e ka konfirmuar z\u00ebdh\u00ebn\u00ebsja e Policis\u00eb p\u00ebr rajonin e Prishtin\u00ebs, Flora Ahmeti, e cila tha se rasti po trajtohet si vrasje [&hellip;]<\/p>\n","protected":false},"author":1,"featured_media":24377,"comment_status":"open","ping_status":"closed","sticky":false,"template":"","format":"standard","meta":{"jnews-multi-image_gallery":[],"jnews_single_post":[],"jnews_primary_category":[],"jnews_social_meta":[],"jnews_review":[],"enable_review":"","type":"","name":"","summary":"","brand":"","sku":"","good":[],"bad":[],"score_override":"","override_value":"","rating":[],"price":[],"jnews_override_counter":[],"jnews_post_split":[],"footnotes":""},"categories":[44],"tags":[],"class_list":["post-24375","post","type-post","status-publish","format-standard","has-post-thumbnail","hentry","category-tvshow"],"_links":{"self":[{"href":"https:\/\/evindepaketle.com\/wp\/wp-json\/wp\/v2\/posts\/24375","targetHints":{"allow":["GET"]}}],"collection":[{"href":"https:\/\/evindepaketle.com\/wp\/wp-json\/wp\/v2\/posts"}],"about":[{"href":"https:\/\/evindepaketle.com\/wp\/wp-json\/wp\/v2\/types\/post"}],"author":[{"embeddable":true,"href":"https:\/\/evindepaketle.com\/wp\/wp-json\/wp\/v2\/users\/1"}],"replies":[{"embeddable":true,"href":"https:\/\/evindepaketle.com\/wp\/wp-json\/wp\/v2\/comments?post=24375"}],"version-history":[{"count":1,"href":"https:\/\/evindepaketle.com\/wp\/wp-json\/wp\/v2\/posts\/24375\/revisions"}],"predecessor-version":[{"id":24376,"href":"https:\/\/evindepaketle.com\/wp\/wp-json\/wp\/v2\/posts\/24375\/revisions\/24376"}],"wp:featuredmedia":[{"embeddable":true,"href":"https:\/\/evindepaketle.com\/wp\/wp-json\/wp\/v2\/media\/24377"}],"wp:attachment":[{"href":"https:\/\/evindepaketle.com\/wp\/wp-json\/wp\/v2\/media?parent=24375"}],"wp:term":[{"taxonomy":"category","embeddable":true,"href":"https:\/\/evindepaketle.com\/wp\/wp-json\/wp\/v2\/categories?post=24375"},{"taxonomy":"post_tag","embeddable":true,"href":"https:\/\/evindepaketle.com\/wp\/wp-json\/wp\/v2\/tags?post=24375"}],"curies":[{"name":"wp","href":"https:\/\/api.w.org\/{rel}","templated":true}]}}