{"id":23846,"date":"2025-07-29T15:13:07","date_gmt":"2025-07-29T15:13:07","guid":{"rendered":"https:\/\/evindepaketle.com\/wp\/?p=23846"},"modified":"2025-07-29T15:13:08","modified_gmt":"2025-07-29T15:13:08","slug":"e-rende-nje-33-vjecar-gjendet-i-mbytur-ne-liqen-ngjarja-trondit-vendin","status":"publish","type":"post","link":"https:\/\/evindepaketle.com\/wp\/e-rende-nje-33-vjecar-gjendet-i-mbytur-ne-liqen-ngjarja-trondit-vendin\/","title":{"rendered":"E r\u00ebnd\u00eb\/ Nj\u00eb 33-vje\u00e7ar gjendet i mbytur n\u00eb liqen, ngjarja trondit vendin"},"content":{"rendered":"<div id=\"evind-2541739456\" class=\"evind-bf-imag-1 evind-entity-placement\"><div id=\"div-gpt-ad-1767907234185-0\" style=\"min-width:300px;min-height:250px;\"><\/div><\/div><p>Gjendet trupi i pajet\u00eb i 33-vje\u00e7arit nga Kosova, emigrant, i cili dyshohet se ka kap\u00ebrcyer nga ura e liqenit t\u00eb Ujmanit dhe nuk \u00ebsht\u00eb par\u00eb m\u00eb q\u00eb t\u00eb dal\u00eb n\u00eb sip\u00ebrfaqe.<\/p>\n<p>Pas k\u00ebrkes\u00ebs s\u00eb Qendr\u00ebs s\u00eb Situatave t\u00eb Qeveris\u00eb s\u00eb Republik\u00ebs s\u00eb Kosov\u00ebs, dhe koordinimeve me partner\u00ebt p\u00ebr angazhimin e Ekipeve t\u00eb FSK-s\u00eb, Komandanti i FSK-s\u00eb ka urdh\u00ebruar ekipet e K\u00ebrkim Shp\u00ebtimit n\u00eb Uj\u00ebra, p\u00ebr realizimin e operacionit humanitar n\u00eb k\u00ebrkim t\u00eb personit t\u00eb raportuar si i zhdukur.<\/p><div id=\"evind-4241732930\" class=\"evind-aft-img-1 evind-entity-placement\"><div id=\"div-gpt-ad-1767907274482-0\" style=\"min-width:300px;min-height:250px;\"><\/div><\/div>\n<p>Me pranimin e urdh\u00ebrit, ekipet e FSK kan\u00eb marr\u00eb t\u00eb gjitha masat dhe n\u00eb koordinim me partner\u00ebt nd\u00ebrkomb\u00ebtar\u00eb dhe q\u00ebndror jan\u00eb angazhuar n\u00eb operacion e k\u00ebrkimit t\u00eb personit t\u00eb zhdukur.<\/p>\n<p>Fal\u00eb intesitetit t\u00eb lart\u00eb t\u00eb k\u00ebrkimit dhe profesionalizmit t\u00eb ekipeve n\u00eb terren, pas disa or\u00ebsh k\u00ebrkimi n\u00eb bashk\u00ebpunim me Policin\u00eb e Kosov\u00ebs, AME dhe KFOR, kan\u00eb arritur t\u00eb gjejn\u00eb trupin e pajet\u00eb n\u00eb zon\u00ebn e liqenit t\u00eb Ujmanit.<\/p>\n<p>Trupi i pajet\u00eb i viktim\u00ebs i \u00ebsht\u00eb dor\u00ebzuar Policis\u00eb s\u00eb Kosov\u00ebs dhe ekipit t\u00eb forenzik\u00ebs p\u00ebr procedurat e m\u00ebtejme.<\/p>\n<div id=\"evind-1276158904\" class=\"evind-aft-content evind-entity-placement\"><script async src=\"https:\/\/pagead2.googlesyndication.com\/pagead\/js\/adsbygoogle.js\"\r\n     crossorigin=\"anonymous\"><\/script>\r\n<ins class=\"adsbygoogle\"\r\n     style=\"display:block; text-align:center;\"\r\n     data-ad-layout=\"in-article\"\r\n     data-ad-format=\"fluid\"\r\n     data-ad-client=\"ca-pub-9502650571429605\"\r\n     data-page-url=\"https:\/\/evindepaketle.com\"\r\n     data-ad-slot=\"5205678616\"><\/ins>\r\n<script>\r\n     (adsbygoogle = window.adsbygoogle || []).push({});\r\n<\/script><\/div>","protected":false},"excerpt":{"rendered":"<p>Gjendet trupi i pajet\u00eb i 33-vje\u00e7arit nga Kosova, emigrant, i cili dyshohet se ka kap\u00ebrcyer nga ura e liqenit t\u00eb Ujmanit dhe nuk \u00ebsht\u00eb par\u00eb m\u00eb q\u00eb t\u00eb dal\u00eb n\u00eb sip\u00ebrfaqe. Pas k\u00ebrkes\u00ebs s\u00eb Qendr\u00ebs s\u00eb Situatave t\u00eb Qeveris\u00eb s\u00eb Republik\u00ebs s\u00eb Kosov\u00ebs, dhe koordinimeve me partner\u00ebt p\u00ebr angazhimin e Ekipeve t\u00eb FSK-s\u00eb, Komandanti i [&hellip;]<\/p>\n","protected":false},"author":1,"featured_media":23848,"comment_status":"open","ping_status":"closed","sticky":false,"template":"","format":"standard","meta":{"jnews-multi-image_gallery":[],"jnews_single_post":[],"jnews_primary_category":[],"jnews_social_meta":[],"jnews_review":[],"enable_review":"","type":"","name":"","summary":"","brand":"","sku":"","good":[],"bad":[],"score_override":"","override_value":"","rating":[],"price":[],"jnews_override_counter":[],"jnews_post_split":[],"footnotes":""},"categories":[44],"tags":[],"class_list":["post-23846","post","type-post","status-publish","format-standard","has-post-thumbnail","hentry","category-tvshow"],"_links":{"self":[{"href":"https:\/\/evindepaketle.com\/wp\/wp-json\/wp\/v2\/posts\/23846","targetHints":{"allow":["GET"]}}],"collection":[{"href":"https:\/\/evindepaketle.com\/wp\/wp-json\/wp\/v2\/posts"}],"about":[{"href":"https:\/\/evindepaketle.com\/wp\/wp-json\/wp\/v2\/types\/post"}],"author":[{"embeddable":true,"href":"https:\/\/evindepaketle.com\/wp\/wp-json\/wp\/v2\/users\/1"}],"replies":[{"embeddable":true,"href":"https:\/\/evindepaketle.com\/wp\/wp-json\/wp\/v2\/comments?post=23846"}],"version-history":[{"count":1,"href":"https:\/\/evindepaketle.com\/wp\/wp-json\/wp\/v2\/posts\/23846\/revisions"}],"predecessor-version":[{"id":23847,"href":"https:\/\/evindepaketle.com\/wp\/wp-json\/wp\/v2\/posts\/23846\/revisions\/23847"}],"wp:featuredmedia":[{"embeddable":true,"href":"https:\/\/evindepaketle.com\/wp\/wp-json\/wp\/v2\/media\/23848"}],"wp:attachment":[{"href":"https:\/\/evindepaketle.com\/wp\/wp-json\/wp\/v2\/media?parent=23846"}],"wp:term":[{"taxonomy":"category","embeddable":true,"href":"https:\/\/evindepaketle.com\/wp\/wp-json\/wp\/v2\/categories?post=23846"},{"taxonomy":"post_tag","embeddable":true,"href":"https:\/\/evindepaketle.com\/wp\/wp-json\/wp\/v2\/tags?post=23846"}],"curies":[{"name":"wp","href":"https:\/\/api.w.org\/{rel}","templated":true}]}}