{"id":21210,"date":"2025-06-27T07:03:05","date_gmt":"2025-06-27T07:03:05","guid":{"rendered":"https:\/\/evindepaketle.com\/wp\/?p=21210"},"modified":"2025-06-27T07:03:08","modified_gmt":"2025-06-27T07:03:08","slug":"lajm-i-fundit-tjeter-termet-godet-shqiperine","status":"publish","type":"post","link":"https:\/\/evindepaketle.com\/wp\/lajm-i-fundit-tjeter-termet-godet-shqiperine\/","title":{"rendered":"Lajm i Fundit: Tjet\u00ebr T\u00ebrmet Godet Shqip\u00ebrin\u00eb&#8230;"},"content":{"rendered":"<div id=\"evind-3824475195\" class=\"evind-bf-imag-1 evind-entity-placement\"><div id=\"div-gpt-ad-1767907234185-0\" style=\"min-width:300px;min-height:250px;\"><\/div><\/div><p>Nj\u00eb tjet\u00ebr t\u00ebrmet \u00ebsht\u00eb ndjer\u00eb pak \u00e7aste m\u00eb par\u00eb n\u00eb Shqip\u00ebri,<\/p>\n<p><img fetchpriority=\"high\" decoding=\"async\" class=\"wp-image-25006 alignnone size-full\" src=\"https:\/\/evindepaketle.com\/wp\/wp-content\/uploads\/2025\/06\/image-24-1.jpg\" alt=\"\" width=\"750\" height=\"378\" \/><\/p>\n<p>me raportime t\u00eb shumta p\u00ebr l\u00ebkundje n\u00eb zon\u00ebn e Kamz\u00ebs dhe rreth saj.<\/p><div id=\"evind-2066179365\" class=\"evind-aft-img-1 evind-entity-placement\"><div id=\"div-gpt-ad-1767907274482-0\" style=\"min-width:300px;min-height:250px;\"><\/div><\/div>\n<p>Ky \u00ebsht\u00eb t\u00ebrmeti i dyt\u00eb brenda dy dit\u00ebve, duke rritur shqet\u00ebsimin mes qytetar\u00ebve.<\/p>\n<p>Aktualisht nuk ka informacione p\u00ebr d\u00ebme materiale apo t\u00eb l\u00ebnduar, nd\u00ebrsa pritet konfirmimi nga institucionet zyrtare p\u00ebr magnitud\u00ebn dhe epiqendr\u00ebn e sakt\u00eb t\u00eb t\u00ebrmetit.<\/p>\n<p>Qytetar\u00ebt k\u00ebshillohen t\u00eb q\u00ebndrojn\u00eb t\u00eb informuar p\u00ebrmes burimeve zyrtare dhe t\u00eb ruajn\u00eb qet\u00ebsin\u00eb. M\u00eb shum\u00eb informacion pritet n\u00eb or\u00ebt n\u00eb vijim.<img decoding=\"async\" class=\"wp-image-25005 alignnone size-full\" src=\"https:\/\/evindepaketle.com\/wp\/wp-content\/uploads\/2025\/06\/image-23.png\" alt=\"\" width=\"750\" height=\"99\" \/><\/p>\n<div id=\"evind-3483520865\" class=\"evind-aft-content evind-entity-placement\"><script async src=\"https:\/\/pagead2.googlesyndication.com\/pagead\/js\/adsbygoogle.js\"\r\n     crossorigin=\"anonymous\"><\/script>\r\n<ins class=\"adsbygoogle\"\r\n     style=\"display:block; text-align:center;\"\r\n     data-ad-layout=\"in-article\"\r\n     data-ad-format=\"fluid\"\r\n     data-ad-client=\"ca-pub-9502650571429605\"\r\n     data-page-url=\"https:\/\/evindepaketle.com\"\r\n     data-ad-slot=\"5205678616\"><\/ins>\r\n<script>\r\n     (adsbygoogle = window.adsbygoogle || []).push({});\r\n<\/script><\/div>","protected":false},"excerpt":{"rendered":"<p>Nj\u00eb tjet\u00ebr t\u00ebrmet \u00ebsht\u00eb ndjer\u00eb pak \u00e7aste m\u00eb par\u00eb n\u00eb Shqip\u00ebri, me raportime t\u00eb shumta p\u00ebr l\u00ebkundje n\u00eb zon\u00ebn e Kamz\u00ebs dhe rreth saj. Ky \u00ebsht\u00eb t\u00ebrmeti i dyt\u00eb brenda dy dit\u00ebve, duke rritur shqet\u00ebsimin mes qytetar\u00ebve. Aktualisht nuk ka informacione p\u00ebr d\u00ebme materiale apo t\u00eb l\u00ebnduar, nd\u00ebrsa pritet konfirmimi nga institucionet zyrtare p\u00ebr magnitud\u00ebn [&hellip;]<\/p>\n","protected":false},"author":1,"featured_media":21208,"comment_status":"open","ping_status":"closed","sticky":false,"template":"","format":"standard","meta":{"jnews-multi-image_gallery":[],"jnews_single_post":[],"jnews_primary_category":[],"jnews_social_meta":[],"jnews_review":[],"enable_review":"","type":"","name":"","summary":"","brand":"","sku":"","good":[],"bad":[],"score_override":"","override_value":"","rating":[],"price":[],"jnews_override_counter":[],"jnews_post_split":[],"footnotes":""},"categories":[44],"tags":[],"class_list":["post-21210","post","type-post","status-publish","format-standard","has-post-thumbnail","hentry","category-tvshow"],"_links":{"self":[{"href":"https:\/\/evindepaketle.com\/wp\/wp-json\/wp\/v2\/posts\/21210","targetHints":{"allow":["GET"]}}],"collection":[{"href":"https:\/\/evindepaketle.com\/wp\/wp-json\/wp\/v2\/posts"}],"about":[{"href":"https:\/\/evindepaketle.com\/wp\/wp-json\/wp\/v2\/types\/post"}],"author":[{"embeddable":true,"href":"https:\/\/evindepaketle.com\/wp\/wp-json\/wp\/v2\/users\/1"}],"replies":[{"embeddable":true,"href":"https:\/\/evindepaketle.com\/wp\/wp-json\/wp\/v2\/comments?post=21210"}],"version-history":[{"count":1,"href":"https:\/\/evindepaketle.com\/wp\/wp-json\/wp\/v2\/posts\/21210\/revisions"}],"predecessor-version":[{"id":21211,"href":"https:\/\/evindepaketle.com\/wp\/wp-json\/wp\/v2\/posts\/21210\/revisions\/21211"}],"wp:featuredmedia":[{"embeddable":true,"href":"https:\/\/evindepaketle.com\/wp\/wp-json\/wp\/v2\/media\/21208"}],"wp:attachment":[{"href":"https:\/\/evindepaketle.com\/wp\/wp-json\/wp\/v2\/media?parent=21210"}],"wp:term":[{"taxonomy":"category","embeddable":true,"href":"https:\/\/evindepaketle.com\/wp\/wp-json\/wp\/v2\/categories?post=21210"},{"taxonomy":"post_tag","embeddable":true,"href":"https:\/\/evindepaketle.com\/wp\/wp-json\/wp\/v2\/tags?post=21210"}],"curies":[{"name":"wp","href":"https:\/\/api.w.org\/{rel}","templated":true}]}}