{"id":20638,"date":"2025-06-20T19:14:34","date_gmt":"2025-06-20T19:14:34","guid":{"rendered":"https:\/\/evindepaketle.com\/wp\/?p=20638"},"modified":"2025-06-20T19:14:35","modified_gmt":"2025-06-20T19:14:35","slug":"ana-lika-prek-me-rrefimin-e-saj-pas-humbjes-se-nenes-u-diagnostifikova-me","status":"publish","type":"post","link":"https:\/\/evindepaketle.com\/wp\/ana-lika-prek-me-rrefimin-e-saj-pas-humbjes-se-nenes-u-diagnostifikova-me\/","title":{"rendered":"Ana Lika prek me rr\u00ebfimin e saj: Pas humbjes s\u00eb n\u00ebn\u00ebs, u diagnostifikova me&#8230;"},"content":{"rendered":"<div id=\"evind-750091938\" class=\"evind-bf-imag-1 evind-entity-placement\"><div id=\"div-gpt-ad-1767907234185-0\" style=\"min-width:300px;min-height:250px;\"><\/div><\/div><p>Aktorja Ana Lika ka ndar\u00eb nj\u00eb histori t\u00eb dhimbshme dhe shum\u00eb personale q\u00eb lidhet me periudh\u00ebn pas humbjes s\u00eb n\u00ebn\u00ebs s\u00eb saj.<\/p>\n<p><img fetchpriority=\"high\" decoding=\"async\" class=\"alignnone size-full wp-image-24255\" src=\"https:\/\/evindepaketle.com\/wp\/wp-content\/uploads\/2025\/06\/418A1250-4196-4BC3-A654-885E64B1A06B.jpg\" alt=\"\" width=\"750\" height=\"395\" \/><\/p>\n<p>Teksa ishte eftuar n\u00eb \u2018Mam\u2019 te Orinda Hutes, ajo tregoi p\u00ebr her\u00eb t\u00eb par\u00eb se \u00ebsht\u00eb diagnostikuar me nj\u00eb problem neurologjik, nj\u00eb form\u00eb epilepsie.<\/p><div id=\"evind-1805612913\" class=\"evind-aft-img-1 evind-entity-placement\"><div id=\"div-gpt-ad-1767907274482-0\" style=\"min-width:300px;min-height:250px;\"><\/div><\/div>\n<p>Ajo mori vendimin e v\u00ebshtir\u00eb p\u00ebr t\u00eb nd\u00ebrprer\u00eb gjidh\u00ebnien, nga frika se mund t\u00eb mos ishte e aft\u00eb si n\u00ebn\u00eb.<\/p>\n<p>Ana tregoi se edhe partnerin e saj, Bjordin, e kishte pyetur n\u00ebse donte t\u00eb q\u00ebndronte pran\u00eb saj, pasi nuk d\u00ebshironte t\u2019i b\u00ebhej barr\u00eb askujt.<\/p>\n<p>\u201cPas humbjes s\u00eb mamit, m\u00eb diagnostikohet nj\u00eb problem neurologjik, nj\u00eb form\u00eb epilepsie.<\/p>\n<p>Kur po b\u00ebja ekon e par\u00eb t\u00eb goc\u00ebs, m\u00eb kapi nj\u00eb kriz\u00eb epilepsie e plot\u00eb.<\/p>\n<p>Kisha frik\u00eb t\u00eb tregoja se isha e s\u00ebmur\u00eb. E nd\u00ebrpreva gjidh\u00ebnien, sepse nuk doja q\u00eb goca ime t\u00eb kishte nj\u00eb mama t\u00eb paaft\u00eb, vendosa t\u00eb mos i jepja gji. Bjordit i thash\u00eb: n\u00ebse doje t\u00eb rrije me mua, ishe i lir\u00eb, sepse nuk doja t\u2019i b\u00ebhesha barr\u00eb askujt.\u201d<\/p>\n<div id=\"evind-2081971697\" class=\"evind-aft-content evind-entity-placement\"><script async src=\"https:\/\/pagead2.googlesyndication.com\/pagead\/js\/adsbygoogle.js\"\r\n     crossorigin=\"anonymous\"><\/script>\r\n<ins class=\"adsbygoogle\"\r\n     style=\"display:block; text-align:center;\"\r\n     data-ad-layout=\"in-article\"\r\n     data-ad-format=\"fluid\"\r\n     data-ad-client=\"ca-pub-9502650571429605\"\r\n     data-page-url=\"https:\/\/evindepaketle.com\"\r\n     data-ad-slot=\"5205678616\"><\/ins>\r\n<script>\r\n     (adsbygoogle = window.adsbygoogle || []).push({});\r\n<\/script><\/div>","protected":false},"excerpt":{"rendered":"<p>Aktorja Ana Lika ka ndar\u00eb nj\u00eb histori t\u00eb dhimbshme dhe shum\u00eb personale q\u00eb lidhet me periudh\u00ebn pas humbjes s\u00eb n\u00ebn\u00ebs s\u00eb saj. Teksa ishte eftuar n\u00eb \u2018Mam\u2019 te Orinda Hutes, ajo tregoi p\u00ebr her\u00eb t\u00eb par\u00eb se \u00ebsht\u00eb diagnostikuar me nj\u00eb problem neurologjik, nj\u00eb form\u00eb epilepsie. Ajo mori vendimin e v\u00ebshtir\u00eb p\u00ebr t\u00eb nd\u00ebrprer\u00eb gjidh\u00ebnien, [&hellip;]<\/p>\n","protected":false},"author":1,"featured_media":20637,"comment_status":"open","ping_status":"closed","sticky":false,"template":"","format":"standard","meta":{"jnews-multi-image_gallery":[],"jnews_single_post":[],"jnews_primary_category":[],"jnews_social_meta":[],"jnews_review":[],"enable_review":"","type":"","name":"","summary":"","brand":"","sku":"","good":[],"bad":[],"score_override":"","override_value":"","rating":[],"price":[],"jnews_override_counter":[],"jnews_post_split":[],"footnotes":""},"categories":[45],"tags":[618],"class_list":["post-20638","post","type-post","status-publish","format-standard","has-post-thumbnail","hentry","category-showbizi","tag-ana-lika"],"_links":{"self":[{"href":"https:\/\/evindepaketle.com\/wp\/wp-json\/wp\/v2\/posts\/20638","targetHints":{"allow":["GET"]}}],"collection":[{"href":"https:\/\/evindepaketle.com\/wp\/wp-json\/wp\/v2\/posts"}],"about":[{"href":"https:\/\/evindepaketle.com\/wp\/wp-json\/wp\/v2\/types\/post"}],"author":[{"embeddable":true,"href":"https:\/\/evindepaketle.com\/wp\/wp-json\/wp\/v2\/users\/1"}],"replies":[{"embeddable":true,"href":"https:\/\/evindepaketle.com\/wp\/wp-json\/wp\/v2\/comments?post=20638"}],"version-history":[{"count":1,"href":"https:\/\/evindepaketle.com\/wp\/wp-json\/wp\/v2\/posts\/20638\/revisions"}],"predecessor-version":[{"id":20639,"href":"https:\/\/evindepaketle.com\/wp\/wp-json\/wp\/v2\/posts\/20638\/revisions\/20639"}],"wp:featuredmedia":[{"embeddable":true,"href":"https:\/\/evindepaketle.com\/wp\/wp-json\/wp\/v2\/media\/20637"}],"wp:attachment":[{"href":"https:\/\/evindepaketle.com\/wp\/wp-json\/wp\/v2\/media?parent=20638"}],"wp:term":[{"taxonomy":"category","embeddable":true,"href":"https:\/\/evindepaketle.com\/wp\/wp-json\/wp\/v2\/categories?post=20638"},{"taxonomy":"post_tag","embeddable":true,"href":"https:\/\/evindepaketle.com\/wp\/wp-json\/wp\/v2\/tags?post=20638"}],"curies":[{"name":"wp","href":"https:\/\/api.w.org\/{rel}","templated":true}]}}