{"id":19655,"date":"2025-06-11T07:22:00","date_gmt":"2025-06-11T07:22:00","guid":{"rendered":"https:\/\/evindepaketle.com\/wp\/?p=19655"},"modified":"2025-06-11T07:22:01","modified_gmt":"2025-06-11T07:22:01","slug":"g-bani-pendohet-per-deklaraten-qe-beri-ndaj-alketa-vejsiut","status":"publish","type":"post","link":"https:\/\/evindepaketle.com\/wp\/g-bani-pendohet-per-deklaraten-qe-beri-ndaj-alketa-vejsiut\/","title":{"rendered":"G-Bani pendohet p\u00ebr deklarat\u00ebn q\u00eb b\u00ebri ndaj Alketa Vejsiut"},"content":{"rendered":"<div id=\"evind-1399681941\" class=\"evind-bf-imag-1 evind-entity-placement\"><div id=\"div-gpt-ad-1767907234185-0\" style=\"min-width:300px;min-height:250px;\"><\/div><\/div><p>Pas reagimit t\u00eb bujsh\u00ebm ndaj nj\u00eb shkrimi t\u00eb publikuar<\/p>\n<p><img fetchpriority=\"high\" decoding=\"async\" class=\"wp-image-22975 alignnone size-full\" src=\"https:\/\/evindepaketle.com\/wp\/wp-content\/uploads\/2025\/06\/image-6-49.jpg\" alt=\"\" width=\"750\" height=\"455\" \/><\/p>\n<p>&nbsp;<\/p>\n<p>n\u00eb profilin e podcast-it t\u00eb Alketa Vejsiut n\u00eb Instagram, reperi G-Bani nuk \u00ebsht\u00eb vonuar shum\u00eb dhe ka vendosur t\u00eb fshij\u00eb postimet e tij nga Instagrami.<\/p><div id=\"evind-1134644855\" class=\"evind-aft-img-1 evind-entity-placement\"><div id=\"div-gpt-ad-1767907274482-0\" style=\"min-width:300px;min-height:250px;\"><\/div><\/div>\n<p>Ky veprim \u00ebsht\u00eb interpretuar nga ndjek\u00ebsit si nj\u00eb shenj\u00eb pendese ose reflektimi mbi tonin dhe p\u00ebrmbajtjen e reagimit t\u00eb tij.<\/p>\n<p>Reagimi i G-Banit erdhi pasi n\u00eb llogarin\u00eb zyrtare t\u00eb podcast-it t\u00eb Alketa Vejsiut u publikua nj\u00eb analiz\u00eb kritike ndaj nj\u00eb deklarate t\u00eb tij p\u00ebr grat\u00eb dhe dashurin\u00eb.<\/p>\n<p>Edhe pse shkrimi ishte ndar\u00eb nga vet\u00eb profili i Vejsiut, ai mbante n\u00eb fund emrin e nj\u00eb vajze tjet\u00ebr, ndoshta si autore apo bashk\u00ebpun\u00ebtore n\u00eb p\u00ebrmbajtje.<\/p>\n<p>Kjo ndoshta ka ndikuar n\u00eb q\u00ebndrimin e reperit, i cili fillimisht kishte marr\u00eb nj\u00eb ton t\u00eb ashp\u00ebr n\u00eb adres\u00eb t\u00eb Vejsiut, por m\u00eb pas ka preferuar ta t\u00ebrheq\u00eb reagimin publik, duke shmangur p\u00ebrshkall\u00ebzimin e m\u00ebtejsh\u00ebm t\u00eb debatit.<\/p>\n<div id=\"evind-3287275143\" class=\"evind-aft-content evind-entity-placement\"><script async src=\"https:\/\/pagead2.googlesyndication.com\/pagead\/js\/adsbygoogle.js\"\r\n     crossorigin=\"anonymous\"><\/script>\r\n<ins class=\"adsbygoogle\"\r\n     style=\"display:block; text-align:center;\"\r\n     data-ad-layout=\"in-article\"\r\n     data-ad-format=\"fluid\"\r\n     data-ad-client=\"ca-pub-9502650571429605\"\r\n     data-page-url=\"https:\/\/evindepaketle.com\"\r\n     data-ad-slot=\"5205678616\"><\/ins>\r\n<script>\r\n     (adsbygoogle = window.adsbygoogle || []).push({});\r\n<\/script><\/div>","protected":false},"excerpt":{"rendered":"<p>Pas reagimit t\u00eb bujsh\u00ebm ndaj nj\u00eb shkrimi t\u00eb publikuar &nbsp; n\u00eb profilin e podcast-it t\u00eb Alketa Vejsiut n\u00eb Instagram, reperi G-Bani nuk \u00ebsht\u00eb vonuar shum\u00eb dhe ka vendosur t\u00eb fshij\u00eb postimet e tij nga Instagrami. Ky veprim \u00ebsht\u00eb interpretuar nga ndjek\u00ebsit si nj\u00eb shenj\u00eb pendese ose reflektimi mbi tonin dhe p\u00ebrmbajtjen e reagimit t\u00eb tij. [&hellip;]<\/p>\n","protected":false},"author":1,"featured_media":19654,"comment_status":"open","ping_status":"closed","sticky":false,"template":"","format":"standard","meta":{"jnews-multi-image_gallery":[],"jnews_single_post":[],"jnews_primary_category":[],"jnews_social_meta":[],"jnews_review":[],"enable_review":"","type":"","name":"","summary":"","brand":"","sku":"","good":[],"bad":[],"score_override":"","override_value":"","rating":[],"price":[],"jnews_override_counter":[],"jnews_post_split":[],"footnotes":""},"categories":[44],"tags":[],"class_list":["post-19655","post","type-post","status-publish","format-standard","has-post-thumbnail","hentry","category-tvshow"],"_links":{"self":[{"href":"https:\/\/evindepaketle.com\/wp\/wp-json\/wp\/v2\/posts\/19655","targetHints":{"allow":["GET"]}}],"collection":[{"href":"https:\/\/evindepaketle.com\/wp\/wp-json\/wp\/v2\/posts"}],"about":[{"href":"https:\/\/evindepaketle.com\/wp\/wp-json\/wp\/v2\/types\/post"}],"author":[{"embeddable":true,"href":"https:\/\/evindepaketle.com\/wp\/wp-json\/wp\/v2\/users\/1"}],"replies":[{"embeddable":true,"href":"https:\/\/evindepaketle.com\/wp\/wp-json\/wp\/v2\/comments?post=19655"}],"version-history":[{"count":1,"href":"https:\/\/evindepaketle.com\/wp\/wp-json\/wp\/v2\/posts\/19655\/revisions"}],"predecessor-version":[{"id":19656,"href":"https:\/\/evindepaketle.com\/wp\/wp-json\/wp\/v2\/posts\/19655\/revisions\/19656"}],"wp:featuredmedia":[{"embeddable":true,"href":"https:\/\/evindepaketle.com\/wp\/wp-json\/wp\/v2\/media\/19654"}],"wp:attachment":[{"href":"https:\/\/evindepaketle.com\/wp\/wp-json\/wp\/v2\/media?parent=19655"}],"wp:term":[{"taxonomy":"category","embeddable":true,"href":"https:\/\/evindepaketle.com\/wp\/wp-json\/wp\/v2\/categories?post=19655"},{"taxonomy":"post_tag","embeddable":true,"href":"https:\/\/evindepaketle.com\/wp\/wp-json\/wp\/v2\/tags?post=19655"}],"curies":[{"name":"wp","href":"https:\/\/api.w.org\/{rel}","templated":true}]}}